{"id":5030,"date":"2025-04-11T13:41:46","date_gmt":"2025-04-11T16:41:46","guid":{"rendered":"https:\/\/ccrc.org.br\/novo\/?p=5030"},"modified":"2025-04-11T13:41:52","modified_gmt":"2025-04-11T16:41:52","slug":"o-ccrc-esta-na-grande-final-do-cbi-sub-19","status":"publish","type":"post","link":"https:\/\/ccrc.org.br\/novo\/2025\/04\/11\/o-ccrc-esta-na-grande-final-do-cbi-sub-19\/","title":{"rendered":"O CCRC est\u00e1 na grande final do CBI Sub-19!"},"content":{"rendered":"\n<p>Conversamos com o t\u00e9cnico \u00c1lvaro Pacheco, que celebrou a conquista da vaga:<\/p>\n\n\n\n<p>\u201cEntre 13 equipes, o Clube de Campo de Rio Claro conquistou o 4\u00ba lugar. Alcan\u00e7amos nosso objetivo, mas ficou aquela sensa\u00e7\u00e3o de que poder\u00edamos ter ido ainda mais longe como equipe.\u201d<\/p>\n\n\n\n<p>Ele tamb\u00e9m destacou o desempenho do atleta Airo Mortari:<\/p>\n\n\n\n<p>\u201c\u00c9 um jogador excelente, muito forte fisicamente e que se destaca entre os demais. Ficamos muito felizes com a premia\u00e7\u00e3o dele como atleta destaque \u2014 \u00e9 gratificante ver um representante da nossa equipe entre os melhores do Brasil!\u201d<\/p>\n\n\n\n<p>Parab\u00e9ns,&nbsp;CCRC!<\/p>\n","protected":false},"excerpt":{"rendered":"<p>Conversamos com o t\u00e9cnico \u00c1lvaro Pacheco, que celebrou a conquista da vaga: \u201cEntre 13 equipes, o Clube de Campo de Rio Claro conquistou o 4\u00ba lugar. Alcan\u00e7amos nosso objetivo, mas ficou aquela sensa\u00e7\u00e3o de que poder\u00edamos ter ido ainda mais longe como equipe.\u201d Ele tamb\u00e9m destacou o desempenho do atleta Airo Mortari: \u201c\u00c9 um jogador [&hellip;]<\/p>\n","protected":false},"author":1,"featured_media":5031,"comment_status":"open","ping_status":"open","sticky":false,"template":"","format":"standard","meta":{"_acf_changed":false,"footnotes":""},"categories":[39,38],"tags":[],"class_list":["post-5030","post","type-post","status-publish","format-standard","has-post-thumbnail","hentry","category-cbc","category-esportes"],"acf":[],"yoast_head":"<!-- This site is optimized with the Yoast SEO plugin v26.9 - https:\/\/yoast.com\/product\/yoast-seo-wordpress\/ -->\n<title>O CCRC est\u00e1 na grande final do CBI Sub-19! - Clube de Campo de Rio Claro<\/title>\n<meta name=\"robots\" content=\"index, follow, max-snippet:-1, max-image-preview:large, max-video-preview:-1\" \/>\n<link rel=\"canonical\" href=\"https:\/\/ccrc.org.br\/novo\/2025\/04\/11\/o-ccrc-esta-na-grande-final-do-cbi-sub-19\/\" \/>\n<meta property=\"og:locale\" content=\"pt_BR\" \/>\n<meta property=\"og:type\" content=\"article\" \/>\n<meta property=\"og:title\" content=\"O CCRC est\u00e1 na grande final do CBI Sub-19! - Clube de Campo de Rio Claro\" \/>\n<meta property=\"og:description\" content=\"Conversamos com o t\u00e9cnico \u00c1lvaro Pacheco, que celebrou a conquista da vaga: \u201cEntre 13 equipes, o Clube de Campo de Rio Claro conquistou o 4\u00ba lugar. Alcan\u00e7amos nosso objetivo, mas ficou aquela sensa\u00e7\u00e3o de que poder\u00edamos ter ido ainda mais longe como equipe.\u201d Ele tamb\u00e9m destacou o desempenho do atleta Airo Mortari: \u201c\u00c9 um jogador [&hellip;]\" \/>\n<meta property=\"og:url\" content=\"https:\/\/ccrc.org.br\/novo\/2025\/04\/11\/o-ccrc-esta-na-grande-final-do-cbi-sub-19\/\" \/>\n<meta property=\"og:site_name\" content=\"Clube de Campo de Rio Claro\" \/>\n<meta property=\"article:published_time\" content=\"2025-04-11T16:41:46+00:00\" \/>\n<meta property=\"article:modified_time\" content=\"2025-04-11T16:41:52+00:00\" \/>\n<meta property=\"og:image\" content=\"https:\/\/ccrc.org.br\/novo\/wp-content\/uploads\/2025\/04\/final-sub19.jpg\" \/>\n\t<meta property=\"og:image:width\" content=\"1080\" \/>\n\t<meta property=\"og:image:height\" content=\"1350\" \/>\n\t<meta property=\"og:image:type\" content=\"image\/jpeg\" \/>\n<meta name=\"author\" content=\"admin\" \/>\n<meta name=\"twitter:card\" content=\"summary_large_image\" \/>\n<meta name=\"twitter:label1\" content=\"Escrito por\" \/>\n\t<meta name=\"twitter:data1\" content=\"admin\" \/>\n\t<meta name=\"twitter:label2\" content=\"Est. tempo de leitura\" \/>\n\t<meta name=\"twitter:data2\" content=\"1 minuto\" \/>\n<script type=\"application\/ld+json\" class=\"yoast-schema-graph\">{\"@context\":\"https:\/\/schema.org\",\"@graph\":[{\"@type\":\"Article\",\"@id\":\"https:\/\/ccrc.org.br\/novo\/2025\/04\/11\/o-ccrc-esta-na-grande-final-do-cbi-sub-19\/#article\",\"isPartOf\":{\"@id\":\"https:\/\/ccrc.org.br\/novo\/2025\/04\/11\/o-ccrc-esta-na-grande-final-do-cbi-sub-19\/\"},\"author\":{\"name\":\"admin\",\"@id\":\"https:\/\/ccrc.org.br\/novo\/#\/schema\/person\/372910773046b636e9740af50fb5eb18\"},\"headline\":\"O CCRC est\u00e1 na grande final do CBI Sub-19!\",\"datePublished\":\"2025-04-11T16:41:46+00:00\",\"dateModified\":\"2025-04-11T16:41:52+00:00\",\"mainEntityOfPage\":{\"@id\":\"https:\/\/ccrc.org.br\/novo\/2025\/04\/11\/o-ccrc-esta-na-grande-final-do-cbi-sub-19\/\"},\"wordCount\":104,\"commentCount\":0,\"publisher\":{\"@id\":\"https:\/\/ccrc.org.br\/novo\/#organization\"},\"image\":{\"@id\":\"https:\/\/ccrc.org.br\/novo\/2025\/04\/11\/o-ccrc-esta-na-grande-final-do-cbi-sub-19\/#primaryimage\"},\"thumbnailUrl\":\"https:\/\/ccrc.org.br\/novo\/wp-content\/uploads\/2025\/04\/final-sub19.jpg\",\"articleSection\":[\"CBC\",\"Esportes\"],\"inLanguage\":\"pt-BR\",\"potentialAction\":[{\"@type\":\"CommentAction\",\"name\":\"Comment\",\"target\":[\"https:\/\/ccrc.org.br\/novo\/2025\/04\/11\/o-ccrc-esta-na-grande-final-do-cbi-sub-19\/#respond\"]}]},{\"@type\":\"WebPage\",\"@id\":\"https:\/\/ccrc.org.br\/novo\/2025\/04\/11\/o-ccrc-esta-na-grande-final-do-cbi-sub-19\/\",\"url\":\"https:\/\/ccrc.org.br\/novo\/2025\/04\/11\/o-ccrc-esta-na-grande-final-do-cbi-sub-19\/\",\"name\":\"O CCRC est\u00e1 na grande final do CBI Sub-19! - Clube de Campo de Rio Claro\",\"isPartOf\":{\"@id\":\"https:\/\/ccrc.org.br\/novo\/#website\"},\"primaryImageOfPage\":{\"@id\":\"https:\/\/ccrc.org.br\/novo\/2025\/04\/11\/o-ccrc-esta-na-grande-final-do-cbi-sub-19\/#primaryimage\"},\"image\":{\"@id\":\"https:\/\/ccrc.org.br\/novo\/2025\/04\/11\/o-ccrc-esta-na-grande-final-do-cbi-sub-19\/#primaryimage\"},\"thumbnailUrl\":\"https:\/\/ccrc.org.br\/novo\/wp-content\/uploads\/2025\/04\/final-sub19.jpg\",\"datePublished\":\"2025-04-11T16:41:46+00:00\",\"dateModified\":\"2025-04-11T16:41:52+00:00\",\"breadcrumb\":{\"@id\":\"https:\/\/ccrc.org.br\/novo\/2025\/04\/11\/o-ccrc-esta-na-grande-final-do-cbi-sub-19\/#breadcrumb\"},\"inLanguage\":\"pt-BR\",\"potentialAction\":[{\"@type\":\"ReadAction\",\"target\":[\"https:\/\/ccrc.org.br\/novo\/2025\/04\/11\/o-ccrc-esta-na-grande-final-do-cbi-sub-19\/\"]}]},{\"@type\":\"ImageObject\",\"inLanguage\":\"pt-BR\",\"@id\":\"https:\/\/ccrc.org.br\/novo\/2025\/04\/11\/o-ccrc-esta-na-grande-final-do-cbi-sub-19\/#primaryimage\",\"url\":\"https:\/\/ccrc.org.br\/novo\/wp-content\/uploads\/2025\/04\/final-sub19.jpg\",\"contentUrl\":\"https:\/\/ccrc.org.br\/novo\/wp-content\/uploads\/2025\/04\/final-sub19.jpg\",\"width\":1080,\"height\":1350},{\"@type\":\"BreadcrumbList\",\"@id\":\"https:\/\/ccrc.org.br\/novo\/2025\/04\/11\/o-ccrc-esta-na-grande-final-do-cbi-sub-19\/#breadcrumb\",\"itemListElement\":[{\"@type\":\"ListItem\",\"position\":1,\"name\":\"In\u00edcio\",\"item\":\"https:\/\/ccrc.org.br\/novo\/\"},{\"@type\":\"ListItem\",\"position\":2,\"name\":\"O CCRC est\u00e1 na grande final do CBI Sub-19!\"}]},{\"@type\":\"WebSite\",\"@id\":\"https:\/\/ccrc.org.br\/novo\/#website\",\"url\":\"https:\/\/ccrc.org.br\/novo\/\",\"name\":\"Clube de Campo de Rio Claro\",\"description\":\"Clube de Campo de Rio Claro\",\"publisher\":{\"@id\":\"https:\/\/ccrc.org.br\/novo\/#organization\"},\"potentialAction\":[{\"@type\":\"SearchAction\",\"target\":{\"@type\":\"EntryPoint\",\"urlTemplate\":\"https:\/\/ccrc.org.br\/novo\/?s={search_term_string}\"},\"query-input\":{\"@type\":\"PropertyValueSpecification\",\"valueRequired\":true,\"valueName\":\"search_term_string\"}}],\"inLanguage\":\"pt-BR\"},{\"@type\":\"Organization\",\"@id\":\"https:\/\/ccrc.org.br\/novo\/#organization\",\"name\":\"Clube de Campo de Rio Claro\",\"url\":\"https:\/\/ccrc.org.br\/novo\/\",\"logo\":{\"@type\":\"ImageObject\",\"inLanguage\":\"pt-BR\",\"@id\":\"https:\/\/ccrc.org.br\/novo\/#\/schema\/logo\/image\/\",\"url\":\"https:\/\/ccrc.org.br\/novo\/wp-content\/uploads\/2024\/07\/CCRC-Logotipo-e1724350576690.png\",\"contentUrl\":\"https:\/\/ccrc.org.br\/novo\/wp-content\/uploads\/2024\/07\/CCRC-Logotipo-e1724350576690.png\",\"width\":512,\"height\":629,\"caption\":\"Clube de Campo de Rio Claro\"},\"image\":{\"@id\":\"https:\/\/ccrc.org.br\/novo\/#\/schema\/logo\/image\/\"}},{\"@type\":\"Person\",\"@id\":\"https:\/\/ccrc.org.br\/novo\/#\/schema\/person\/372910773046b636e9740af50fb5eb18\",\"name\":\"admin\",\"image\":{\"@type\":\"ImageObject\",\"inLanguage\":\"pt-BR\",\"@id\":\"https:\/\/ccrc.org.br\/novo\/#\/schema\/person\/image\/\",\"url\":\"https:\/\/secure.gravatar.com\/avatar\/718c24d324ad2c2388b8cc064a2f6c8377287102aecc257a563f468780849400?s=96&d=mm&r=g\",\"contentUrl\":\"https:\/\/secure.gravatar.com\/avatar\/718c24d324ad2c2388b8cc064a2f6c8377287102aecc257a563f468780849400?s=96&d=mm&r=g\",\"caption\":\"admin\"},\"sameAs\":[\"https:\/\/ccrc.org.br\/novo\"],\"url\":\"https:\/\/ccrc.org.br\/novo\/author\/admin\/\"}]}<\/script>\n<!-- \/ Yoast SEO plugin. -->","yoast_head_json":{"title":"O CCRC est\u00e1 na grande final do CBI Sub-19! - Clube de Campo de Rio Claro","robots":{"index":"index","follow":"follow","max-snippet":"max-snippet:-1","max-image-preview":"max-image-preview:large","max-video-preview":"max-video-preview:-1"},"canonical":"https:\/\/ccrc.org.br\/novo\/2025\/04\/11\/o-ccrc-esta-na-grande-final-do-cbi-sub-19\/","og_locale":"pt_BR","og_type":"article","og_title":"O CCRC est\u00e1 na grande final do CBI Sub-19! - Clube de Campo de Rio Claro","og_description":"Conversamos com o t\u00e9cnico \u00c1lvaro Pacheco, que celebrou a conquista da vaga: \u201cEntre 13 equipes, o Clube de Campo de Rio Claro conquistou o 4\u00ba lugar. Alcan\u00e7amos nosso objetivo, mas ficou aquela sensa\u00e7\u00e3o de que poder\u00edamos ter ido ainda mais longe como equipe.\u201d Ele tamb\u00e9m destacou o desempenho do atleta Airo Mortari: \u201c\u00c9 um jogador [&hellip;]","og_url":"https:\/\/ccrc.org.br\/novo\/2025\/04\/11\/o-ccrc-esta-na-grande-final-do-cbi-sub-19\/","og_site_name":"Clube de Campo de Rio Claro","article_published_time":"2025-04-11T16:41:46+00:00","article_modified_time":"2025-04-11T16:41:52+00:00","og_image":[{"width":1080,"height":1350,"url":"https:\/\/ccrc.org.br\/novo\/wp-content\/uploads\/2025\/04\/final-sub19.jpg","type":"image\/jpeg"}],"author":"admin","twitter_card":"summary_large_image","twitter_misc":{"Escrito por":"admin","Est. tempo de leitura":"1 minuto"},"schema":{"@context":"https:\/\/schema.org","@graph":[{"@type":"Article","@id":"https:\/\/ccrc.org.br\/novo\/2025\/04\/11\/o-ccrc-esta-na-grande-final-do-cbi-sub-19\/#article","isPartOf":{"@id":"https:\/\/ccrc.org.br\/novo\/2025\/04\/11\/o-ccrc-esta-na-grande-final-do-cbi-sub-19\/"},"author":{"name":"admin","@id":"https:\/\/ccrc.org.br\/novo\/#\/schema\/person\/372910773046b636e9740af50fb5eb18"},"headline":"O CCRC est\u00e1 na grande final do CBI Sub-19!","datePublished":"2025-04-11T16:41:46+00:00","dateModified":"2025-04-11T16:41:52+00:00","mainEntityOfPage":{"@id":"https:\/\/ccrc.org.br\/novo\/2025\/04\/11\/o-ccrc-esta-na-grande-final-do-cbi-sub-19\/"},"wordCount":104,"commentCount":0,"publisher":{"@id":"https:\/\/ccrc.org.br\/novo\/#organization"},"image":{"@id":"https:\/\/ccrc.org.br\/novo\/2025\/04\/11\/o-ccrc-esta-na-grande-final-do-cbi-sub-19\/#primaryimage"},"thumbnailUrl":"https:\/\/ccrc.org.br\/novo\/wp-content\/uploads\/2025\/04\/final-sub19.jpg","articleSection":["CBC","Esportes"],"inLanguage":"pt-BR","potentialAction":[{"@type":"CommentAction","name":"Comment","target":["https:\/\/ccrc.org.br\/novo\/2025\/04\/11\/o-ccrc-esta-na-grande-final-do-cbi-sub-19\/#respond"]}]},{"@type":"WebPage","@id":"https:\/\/ccrc.org.br\/novo\/2025\/04\/11\/o-ccrc-esta-na-grande-final-do-cbi-sub-19\/","url":"https:\/\/ccrc.org.br\/novo\/2025\/04\/11\/o-ccrc-esta-na-grande-final-do-cbi-sub-19\/","name":"O CCRC est\u00e1 na grande final do CBI Sub-19! - Clube de Campo de Rio Claro","isPartOf":{"@id":"https:\/\/ccrc.org.br\/novo\/#website"},"primaryImageOfPage":{"@id":"https:\/\/ccrc.org.br\/novo\/2025\/04\/11\/o-ccrc-esta-na-grande-final-do-cbi-sub-19\/#primaryimage"},"image":{"@id":"https:\/\/ccrc.org.br\/novo\/2025\/04\/11\/o-ccrc-esta-na-grande-final-do-cbi-sub-19\/#primaryimage"},"thumbnailUrl":"https:\/\/ccrc.org.br\/novo\/wp-content\/uploads\/2025\/04\/final-sub19.jpg","datePublished":"2025-04-11T16:41:46+00:00","dateModified":"2025-04-11T16:41:52+00:00","breadcrumb":{"@id":"https:\/\/ccrc.org.br\/novo\/2025\/04\/11\/o-ccrc-esta-na-grande-final-do-cbi-sub-19\/#breadcrumb"},"inLanguage":"pt-BR","potentialAction":[{"@type":"ReadAction","target":["https:\/\/ccrc.org.br\/novo\/2025\/04\/11\/o-ccrc-esta-na-grande-final-do-cbi-sub-19\/"]}]},{"@type":"ImageObject","inLanguage":"pt-BR","@id":"https:\/\/ccrc.org.br\/novo\/2025\/04\/11\/o-ccrc-esta-na-grande-final-do-cbi-sub-19\/#primaryimage","url":"https:\/\/ccrc.org.br\/novo\/wp-content\/uploads\/2025\/04\/final-sub19.jpg","contentUrl":"https:\/\/ccrc.org.br\/novo\/wp-content\/uploads\/2025\/04\/final-sub19.jpg","width":1080,"height":1350},{"@type":"BreadcrumbList","@id":"https:\/\/ccrc.org.br\/novo\/2025\/04\/11\/o-ccrc-esta-na-grande-final-do-cbi-sub-19\/#breadcrumb","itemListElement":[{"@type":"ListItem","position":1,"name":"In\u00edcio","item":"https:\/\/ccrc.org.br\/novo\/"},{"@type":"ListItem","position":2,"name":"O CCRC est\u00e1 na grande final do CBI Sub-19!"}]},{"@type":"WebSite","@id":"https:\/\/ccrc.org.br\/novo\/#website","url":"https:\/\/ccrc.org.br\/novo\/","name":"Clube de Campo de Rio Claro","description":"Clube de Campo de Rio Claro","publisher":{"@id":"https:\/\/ccrc.org.br\/novo\/#organization"},"potentialAction":[{"@type":"SearchAction","target":{"@type":"EntryPoint","urlTemplate":"https:\/\/ccrc.org.br\/novo\/?s={search_term_string}"},"query-input":{"@type":"PropertyValueSpecification","valueRequired":true,"valueName":"search_term_string"}}],"inLanguage":"pt-BR"},{"@type":"Organization","@id":"https:\/\/ccrc.org.br\/novo\/#organization","name":"Clube de Campo de Rio Claro","url":"https:\/\/ccrc.org.br\/novo\/","logo":{"@type":"ImageObject","inLanguage":"pt-BR","@id":"https:\/\/ccrc.org.br\/novo\/#\/schema\/logo\/image\/","url":"https:\/\/ccrc.org.br\/novo\/wp-content\/uploads\/2024\/07\/CCRC-Logotipo-e1724350576690.png","contentUrl":"https:\/\/ccrc.org.br\/novo\/wp-content\/uploads\/2024\/07\/CCRC-Logotipo-e1724350576690.png","width":512,"height":629,"caption":"Clube de Campo de Rio Claro"},"image":{"@id":"https:\/\/ccrc.org.br\/novo\/#\/schema\/logo\/image\/"}},{"@type":"Person","@id":"https:\/\/ccrc.org.br\/novo\/#\/schema\/person\/372910773046b636e9740af50fb5eb18","name":"admin","image":{"@type":"ImageObject","inLanguage":"pt-BR","@id":"https:\/\/ccrc.org.br\/novo\/#\/schema\/person\/image\/","url":"https:\/\/secure.gravatar.com\/avatar\/718c24d324ad2c2388b8cc064a2f6c8377287102aecc257a563f468780849400?s=96&d=mm&r=g","contentUrl":"https:\/\/secure.gravatar.com\/avatar\/718c24d324ad2c2388b8cc064a2f6c8377287102aecc257a563f468780849400?s=96&d=mm&r=g","caption":"admin"},"sameAs":["https:\/\/ccrc.org.br\/novo"],"url":"https:\/\/ccrc.org.br\/novo\/author\/admin\/"}]}},"_links":{"self":[{"href":"https:\/\/ccrc.org.br\/novo\/wp-json\/wp\/v2\/posts\/5030","targetHints":{"allow":["GET"]}}],"collection":[{"href":"https:\/\/ccrc.org.br\/novo\/wp-json\/wp\/v2\/posts"}],"about":[{"href":"https:\/\/ccrc.org.br\/novo\/wp-json\/wp\/v2\/types\/post"}],"author":[{"embeddable":true,"href":"https:\/\/ccrc.org.br\/novo\/wp-json\/wp\/v2\/users\/1"}],"replies":[{"embeddable":true,"href":"https:\/\/ccrc.org.br\/novo\/wp-json\/wp\/v2\/comments?post=5030"}],"version-history":[{"count":1,"href":"https:\/\/ccrc.org.br\/novo\/wp-json\/wp\/v2\/posts\/5030\/revisions"}],"predecessor-version":[{"id":5032,"href":"https:\/\/ccrc.org.br\/novo\/wp-json\/wp\/v2\/posts\/5030\/revisions\/5032"}],"wp:featuredmedia":[{"embeddable":true,"href":"https:\/\/ccrc.org.br\/novo\/wp-json\/wp\/v2\/media\/5031"}],"wp:attachment":[{"href":"https:\/\/ccrc.org.br\/novo\/wp-json\/wp\/v2\/media?parent=5030"}],"wp:term":[{"taxonomy":"category","embeddable":true,"href":"https:\/\/ccrc.org.br\/novo\/wp-json\/wp\/v2\/categories?post=5030"},{"taxonomy":"post_tag","embeddable":true,"href":"https:\/\/ccrc.org.br\/novo\/wp-json\/wp\/v2\/tags?post=5030"}],"curies":[{"name":"wp","href":"https:\/\/api.w.org\/{rel}","templated":true}]}}