{"id":5034,"date":"2025-05-10T15:54:18","date_gmt":"2025-05-10T18:54:18","guid":{"rendered":"https:\/\/ccrc.org.br\/novo\/?p=5034"},"modified":"2025-05-12T13:33:22","modified_gmt":"2025-05-12T16:33:22","slug":"maratona-aquatica-solidaria","status":"publish","type":"post","link":"https:\/\/ccrc.org.br\/novo\/2025\/05\/10\/maratona-aquatica-solidaria\/","title":{"rendered":"Maratona Aqu\u00e1tica Solid\u00e1ria"},"content":{"rendered":"\n<p>A 4\u00aa Maratona Aqu\u00e1tica Solid\u00e1ria foi realizada no Clube Floridiana!<\/p>\n\n\n\n<p>A equipe de nata\u00e7\u00e3o do CCRC participou com tr\u00eas equipes, cada uma composta por 10 atletas (7 do masculino e 3 do feminino).<\/p>\n\n\n\n<p>O evento faz parte de um circuito com cinco etapas, e esta foi a primeira. J\u00e1 come\u00e7amos com \u00f3timos resultados:<\/p>\n\n\n\n<ul class=\"wp-block-list\">\n<li>1\u00ba lugar \u2013 Equipe 1<\/li>\n\n\n\n<li>5\u00ba lugar \u2013 Equipe 2<\/li>\n\n\n\n<li>9\u00ba lugar \u2013 Equipe 3<\/li>\n<\/ul>\n\n\n\n<p><\/p>\n\n\n\n<p>Parab\u00e9ns aos nossos nadadores pelo excelente desempenho e por representarem t\u00e3o bem o Clube! Seguimos firmes rumo \u00e0s pr\u00f3ximas\u00a0etapas!<\/p>\n","protected":false},"excerpt":{"rendered":"<p>A 4\u00aa Maratona Aqu\u00e1tica Solid\u00e1ria foi realizada no Clube Floridiana! A equipe de nata\u00e7\u00e3o do CCRC participou com tr\u00eas equipes, cada uma composta por 10 atletas (7 do masculino e 3 do feminino). O evento faz parte de um circuito com cinco etapas, e esta foi a primeira. J\u00e1 come\u00e7amos com \u00f3timos resultados: Parab\u00e9ns aos [&hellip;]<\/p>\n","protected":false},"author":1,"featured_media":5035,"comment_status":"open","ping_status":"open","sticky":false,"template":"","format":"standard","meta":{"_acf_changed":false,"footnotes":""},"categories":[39],"tags":[],"class_list":["post-5034","post","type-post","status-publish","format-standard","has-post-thumbnail","hentry","category-cbc"],"acf":[],"yoast_head":"<!-- This site is optimized with the Yoast SEO plugin v26.9 - https:\/\/yoast.com\/product\/yoast-seo-wordpress\/ -->\n<title>Maratona Aqu\u00e1tica Solid\u00e1ria - Clube de Campo de Rio Claro<\/title>\n<meta name=\"robots\" content=\"index, follow, max-snippet:-1, max-image-preview:large, max-video-preview:-1\" \/>\n<link rel=\"canonical\" href=\"https:\/\/ccrc.org.br\/novo\/2025\/05\/10\/maratona-aquatica-solidaria\/\" \/>\n<meta property=\"og:locale\" content=\"pt_BR\" \/>\n<meta property=\"og:type\" content=\"article\" \/>\n<meta property=\"og:title\" content=\"Maratona Aqu\u00e1tica Solid\u00e1ria - Clube de Campo de Rio Claro\" \/>\n<meta property=\"og:description\" content=\"A 4\u00aa Maratona Aqu\u00e1tica Solid\u00e1ria foi realizada no Clube Floridiana! A equipe de nata\u00e7\u00e3o do CCRC participou com tr\u00eas equipes, cada uma composta por 10 atletas (7 do masculino e 3 do feminino). O evento faz parte de um circuito com cinco etapas, e esta foi a primeira. J\u00e1 come\u00e7amos com \u00f3timos resultados: Parab\u00e9ns aos [&hellip;]\" \/>\n<meta property=\"og:url\" content=\"https:\/\/ccrc.org.br\/novo\/2025\/05\/10\/maratona-aquatica-solidaria\/\" \/>\n<meta property=\"og:site_name\" content=\"Clube de Campo de Rio Claro\" \/>\n<meta property=\"article:published_time\" content=\"2025-05-10T18:54:18+00:00\" \/>\n<meta property=\"article:modified_time\" content=\"2025-05-12T16:33:22+00:00\" \/>\n<meta property=\"og:image\" content=\"https:\/\/ccrc.org.br\/novo\/wp-content\/uploads\/2025\/05\/capa-natacao.jpg\" \/>\n\t<meta property=\"og:image:width\" content=\"1280\" \/>\n\t<meta property=\"og:image:height\" content=\"960\" \/>\n\t<meta property=\"og:image:type\" content=\"image\/jpeg\" \/>\n<meta name=\"author\" content=\"admin\" \/>\n<meta name=\"twitter:card\" content=\"summary_large_image\" \/>\n<meta name=\"twitter:label1\" content=\"Escrito por\" \/>\n\t<meta name=\"twitter:data1\" content=\"admin\" \/>\n\t<meta name=\"twitter:label2\" content=\"Est. tempo de leitura\" \/>\n\t<meta name=\"twitter:data2\" content=\"1 minuto\" \/>\n<script type=\"application\/ld+json\" class=\"yoast-schema-graph\">{\"@context\":\"https:\/\/schema.org\",\"@graph\":[{\"@type\":\"Article\",\"@id\":\"https:\/\/ccrc.org.br\/novo\/2025\/05\/10\/maratona-aquatica-solidaria\/#article\",\"isPartOf\":{\"@id\":\"https:\/\/ccrc.org.br\/novo\/2025\/05\/10\/maratona-aquatica-solidaria\/\"},\"author\":{\"name\":\"admin\",\"@id\":\"https:\/\/ccrc.org.br\/novo\/#\/schema\/person\/372910773046b636e9740af50fb5eb18\"},\"headline\":\"Maratona Aqu\u00e1tica Solid\u00e1ria\",\"datePublished\":\"2025-05-10T18:54:18+00:00\",\"dateModified\":\"2025-05-12T16:33:22+00:00\",\"mainEntityOfPage\":{\"@id\":\"https:\/\/ccrc.org.br\/novo\/2025\/05\/10\/maratona-aquatica-solidaria\/\"},\"wordCount\":88,\"commentCount\":0,\"publisher\":{\"@id\":\"https:\/\/ccrc.org.br\/novo\/#organization\"},\"image\":{\"@id\":\"https:\/\/ccrc.org.br\/novo\/2025\/05\/10\/maratona-aquatica-solidaria\/#primaryimage\"},\"thumbnailUrl\":\"https:\/\/ccrc.org.br\/novo\/wp-content\/uploads\/2025\/05\/capa-natacao.jpg\",\"articleSection\":[\"CBC\"],\"inLanguage\":\"pt-BR\",\"potentialAction\":[{\"@type\":\"CommentAction\",\"name\":\"Comment\",\"target\":[\"https:\/\/ccrc.org.br\/novo\/2025\/05\/10\/maratona-aquatica-solidaria\/#respond\"]}]},{\"@type\":\"WebPage\",\"@id\":\"https:\/\/ccrc.org.br\/novo\/2025\/05\/10\/maratona-aquatica-solidaria\/\",\"url\":\"https:\/\/ccrc.org.br\/novo\/2025\/05\/10\/maratona-aquatica-solidaria\/\",\"name\":\"Maratona Aqu\u00e1tica Solid\u00e1ria - Clube de Campo de Rio Claro\",\"isPartOf\":{\"@id\":\"https:\/\/ccrc.org.br\/novo\/#website\"},\"primaryImageOfPage\":{\"@id\":\"https:\/\/ccrc.org.br\/novo\/2025\/05\/10\/maratona-aquatica-solidaria\/#primaryimage\"},\"image\":{\"@id\":\"https:\/\/ccrc.org.br\/novo\/2025\/05\/10\/maratona-aquatica-solidaria\/#primaryimage\"},\"thumbnailUrl\":\"https:\/\/ccrc.org.br\/novo\/wp-content\/uploads\/2025\/05\/capa-natacao.jpg\",\"datePublished\":\"2025-05-10T18:54:18+00:00\",\"dateModified\":\"2025-05-12T16:33:22+00:00\",\"breadcrumb\":{\"@id\":\"https:\/\/ccrc.org.br\/novo\/2025\/05\/10\/maratona-aquatica-solidaria\/#breadcrumb\"},\"inLanguage\":\"pt-BR\",\"potentialAction\":[{\"@type\":\"ReadAction\",\"target\":[\"https:\/\/ccrc.org.br\/novo\/2025\/05\/10\/maratona-aquatica-solidaria\/\"]}]},{\"@type\":\"ImageObject\",\"inLanguage\":\"pt-BR\",\"@id\":\"https:\/\/ccrc.org.br\/novo\/2025\/05\/10\/maratona-aquatica-solidaria\/#primaryimage\",\"url\":\"https:\/\/ccrc.org.br\/novo\/wp-content\/uploads\/2025\/05\/capa-natacao.jpg\",\"contentUrl\":\"https:\/\/ccrc.org.br\/novo\/wp-content\/uploads\/2025\/05\/capa-natacao.jpg\",\"width\":1280,\"height\":960},{\"@type\":\"BreadcrumbList\",\"@id\":\"https:\/\/ccrc.org.br\/novo\/2025\/05\/10\/maratona-aquatica-solidaria\/#breadcrumb\",\"itemListElement\":[{\"@type\":\"ListItem\",\"position\":1,\"name\":\"In\u00edcio\",\"item\":\"https:\/\/ccrc.org.br\/novo\/\"},{\"@type\":\"ListItem\",\"position\":2,\"name\":\"Maratona Aqu\u00e1tica Solid\u00e1ria\"}]},{\"@type\":\"WebSite\",\"@id\":\"https:\/\/ccrc.org.br\/novo\/#website\",\"url\":\"https:\/\/ccrc.org.br\/novo\/\",\"name\":\"Clube de Campo de Rio Claro\",\"description\":\"Clube de Campo de Rio Claro\",\"publisher\":{\"@id\":\"https:\/\/ccrc.org.br\/novo\/#organization\"},\"potentialAction\":[{\"@type\":\"SearchAction\",\"target\":{\"@type\":\"EntryPoint\",\"urlTemplate\":\"https:\/\/ccrc.org.br\/novo\/?s={search_term_string}\"},\"query-input\":{\"@type\":\"PropertyValueSpecification\",\"valueRequired\":true,\"valueName\":\"search_term_string\"}}],\"inLanguage\":\"pt-BR\"},{\"@type\":\"Organization\",\"@id\":\"https:\/\/ccrc.org.br\/novo\/#organization\",\"name\":\"Clube de Campo de Rio Claro\",\"url\":\"https:\/\/ccrc.org.br\/novo\/\",\"logo\":{\"@type\":\"ImageObject\",\"inLanguage\":\"pt-BR\",\"@id\":\"https:\/\/ccrc.org.br\/novo\/#\/schema\/logo\/image\/\",\"url\":\"https:\/\/ccrc.org.br\/novo\/wp-content\/uploads\/2024\/07\/CCRC-Logotipo-e1724350576690.png\",\"contentUrl\":\"https:\/\/ccrc.org.br\/novo\/wp-content\/uploads\/2024\/07\/CCRC-Logotipo-e1724350576690.png\",\"width\":512,\"height\":629,\"caption\":\"Clube de Campo de Rio Claro\"},\"image\":{\"@id\":\"https:\/\/ccrc.org.br\/novo\/#\/schema\/logo\/image\/\"}},{\"@type\":\"Person\",\"@id\":\"https:\/\/ccrc.org.br\/novo\/#\/schema\/person\/372910773046b636e9740af50fb5eb18\",\"name\":\"admin\",\"image\":{\"@type\":\"ImageObject\",\"inLanguage\":\"pt-BR\",\"@id\":\"https:\/\/ccrc.org.br\/novo\/#\/schema\/person\/image\/\",\"url\":\"https:\/\/secure.gravatar.com\/avatar\/718c24d324ad2c2388b8cc064a2f6c8377287102aecc257a563f468780849400?s=96&d=mm&r=g\",\"contentUrl\":\"https:\/\/secure.gravatar.com\/avatar\/718c24d324ad2c2388b8cc064a2f6c8377287102aecc257a563f468780849400?s=96&d=mm&r=g\",\"caption\":\"admin\"},\"sameAs\":[\"https:\/\/ccrc.org.br\/novo\"],\"url\":\"https:\/\/ccrc.org.br\/novo\/author\/admin\/\"}]}<\/script>\n<!-- \/ Yoast SEO plugin. -->","yoast_head_json":{"title":"Maratona Aqu\u00e1tica Solid\u00e1ria - Clube de Campo de Rio Claro","robots":{"index":"index","follow":"follow","max-snippet":"max-snippet:-1","max-image-preview":"max-image-preview:large","max-video-preview":"max-video-preview:-1"},"canonical":"https:\/\/ccrc.org.br\/novo\/2025\/05\/10\/maratona-aquatica-solidaria\/","og_locale":"pt_BR","og_type":"article","og_title":"Maratona Aqu\u00e1tica Solid\u00e1ria - Clube de Campo de Rio Claro","og_description":"A 4\u00aa Maratona Aqu\u00e1tica Solid\u00e1ria foi realizada no Clube Floridiana! A equipe de nata\u00e7\u00e3o do CCRC participou com tr\u00eas equipes, cada uma composta por 10 atletas (7 do masculino e 3 do feminino). O evento faz parte de um circuito com cinco etapas, e esta foi a primeira. J\u00e1 come\u00e7amos com \u00f3timos resultados: Parab\u00e9ns aos [&hellip;]","og_url":"https:\/\/ccrc.org.br\/novo\/2025\/05\/10\/maratona-aquatica-solidaria\/","og_site_name":"Clube de Campo de Rio Claro","article_published_time":"2025-05-10T18:54:18+00:00","article_modified_time":"2025-05-12T16:33:22+00:00","og_image":[{"width":1280,"height":960,"url":"https:\/\/ccrc.org.br\/novo\/wp-content\/uploads\/2025\/05\/capa-natacao.jpg","type":"image\/jpeg"}],"author":"admin","twitter_card":"summary_large_image","twitter_misc":{"Escrito por":"admin","Est. tempo de leitura":"1 minuto"},"schema":{"@context":"https:\/\/schema.org","@graph":[{"@type":"Article","@id":"https:\/\/ccrc.org.br\/novo\/2025\/05\/10\/maratona-aquatica-solidaria\/#article","isPartOf":{"@id":"https:\/\/ccrc.org.br\/novo\/2025\/05\/10\/maratona-aquatica-solidaria\/"},"author":{"name":"admin","@id":"https:\/\/ccrc.org.br\/novo\/#\/schema\/person\/372910773046b636e9740af50fb5eb18"},"headline":"Maratona Aqu\u00e1tica Solid\u00e1ria","datePublished":"2025-05-10T18:54:18+00:00","dateModified":"2025-05-12T16:33:22+00:00","mainEntityOfPage":{"@id":"https:\/\/ccrc.org.br\/novo\/2025\/05\/10\/maratona-aquatica-solidaria\/"},"wordCount":88,"commentCount":0,"publisher":{"@id":"https:\/\/ccrc.org.br\/novo\/#organization"},"image":{"@id":"https:\/\/ccrc.org.br\/novo\/2025\/05\/10\/maratona-aquatica-solidaria\/#primaryimage"},"thumbnailUrl":"https:\/\/ccrc.org.br\/novo\/wp-content\/uploads\/2025\/05\/capa-natacao.jpg","articleSection":["CBC"],"inLanguage":"pt-BR","potentialAction":[{"@type":"CommentAction","name":"Comment","target":["https:\/\/ccrc.org.br\/novo\/2025\/05\/10\/maratona-aquatica-solidaria\/#respond"]}]},{"@type":"WebPage","@id":"https:\/\/ccrc.org.br\/novo\/2025\/05\/10\/maratona-aquatica-solidaria\/","url":"https:\/\/ccrc.org.br\/novo\/2025\/05\/10\/maratona-aquatica-solidaria\/","name":"Maratona Aqu\u00e1tica Solid\u00e1ria - Clube de Campo de Rio Claro","isPartOf":{"@id":"https:\/\/ccrc.org.br\/novo\/#website"},"primaryImageOfPage":{"@id":"https:\/\/ccrc.org.br\/novo\/2025\/05\/10\/maratona-aquatica-solidaria\/#primaryimage"},"image":{"@id":"https:\/\/ccrc.org.br\/novo\/2025\/05\/10\/maratona-aquatica-solidaria\/#primaryimage"},"thumbnailUrl":"https:\/\/ccrc.org.br\/novo\/wp-content\/uploads\/2025\/05\/capa-natacao.jpg","datePublished":"2025-05-10T18:54:18+00:00","dateModified":"2025-05-12T16:33:22+00:00","breadcrumb":{"@id":"https:\/\/ccrc.org.br\/novo\/2025\/05\/10\/maratona-aquatica-solidaria\/#breadcrumb"},"inLanguage":"pt-BR","potentialAction":[{"@type":"ReadAction","target":["https:\/\/ccrc.org.br\/novo\/2025\/05\/10\/maratona-aquatica-solidaria\/"]}]},{"@type":"ImageObject","inLanguage":"pt-BR","@id":"https:\/\/ccrc.org.br\/novo\/2025\/05\/10\/maratona-aquatica-solidaria\/#primaryimage","url":"https:\/\/ccrc.org.br\/novo\/wp-content\/uploads\/2025\/05\/capa-natacao.jpg","contentUrl":"https:\/\/ccrc.org.br\/novo\/wp-content\/uploads\/2025\/05\/capa-natacao.jpg","width":1280,"height":960},{"@type":"BreadcrumbList","@id":"https:\/\/ccrc.org.br\/novo\/2025\/05\/10\/maratona-aquatica-solidaria\/#breadcrumb","itemListElement":[{"@type":"ListItem","position":1,"name":"In\u00edcio","item":"https:\/\/ccrc.org.br\/novo\/"},{"@type":"ListItem","position":2,"name":"Maratona Aqu\u00e1tica Solid\u00e1ria"}]},{"@type":"WebSite","@id":"https:\/\/ccrc.org.br\/novo\/#website","url":"https:\/\/ccrc.org.br\/novo\/","name":"Clube de Campo de Rio Claro","description":"Clube de Campo de Rio Claro","publisher":{"@id":"https:\/\/ccrc.org.br\/novo\/#organization"},"potentialAction":[{"@type":"SearchAction","target":{"@type":"EntryPoint","urlTemplate":"https:\/\/ccrc.org.br\/novo\/?s={search_term_string}"},"query-input":{"@type":"PropertyValueSpecification","valueRequired":true,"valueName":"search_term_string"}}],"inLanguage":"pt-BR"},{"@type":"Organization","@id":"https:\/\/ccrc.org.br\/novo\/#organization","name":"Clube de Campo de Rio Claro","url":"https:\/\/ccrc.org.br\/novo\/","logo":{"@type":"ImageObject","inLanguage":"pt-BR","@id":"https:\/\/ccrc.org.br\/novo\/#\/schema\/logo\/image\/","url":"https:\/\/ccrc.org.br\/novo\/wp-content\/uploads\/2024\/07\/CCRC-Logotipo-e1724350576690.png","contentUrl":"https:\/\/ccrc.org.br\/novo\/wp-content\/uploads\/2024\/07\/CCRC-Logotipo-e1724350576690.png","width":512,"height":629,"caption":"Clube de Campo de Rio Claro"},"image":{"@id":"https:\/\/ccrc.org.br\/novo\/#\/schema\/logo\/image\/"}},{"@type":"Person","@id":"https:\/\/ccrc.org.br\/novo\/#\/schema\/person\/372910773046b636e9740af50fb5eb18","name":"admin","image":{"@type":"ImageObject","inLanguage":"pt-BR","@id":"https:\/\/ccrc.org.br\/novo\/#\/schema\/person\/image\/","url":"https:\/\/secure.gravatar.com\/avatar\/718c24d324ad2c2388b8cc064a2f6c8377287102aecc257a563f468780849400?s=96&d=mm&r=g","contentUrl":"https:\/\/secure.gravatar.com\/avatar\/718c24d324ad2c2388b8cc064a2f6c8377287102aecc257a563f468780849400?s=96&d=mm&r=g","caption":"admin"},"sameAs":["https:\/\/ccrc.org.br\/novo"],"url":"https:\/\/ccrc.org.br\/novo\/author\/admin\/"}]}},"_links":{"self":[{"href":"https:\/\/ccrc.org.br\/novo\/wp-json\/wp\/v2\/posts\/5034","targetHints":{"allow":["GET"]}}],"collection":[{"href":"https:\/\/ccrc.org.br\/novo\/wp-json\/wp\/v2\/posts"}],"about":[{"href":"https:\/\/ccrc.org.br\/novo\/wp-json\/wp\/v2\/types\/post"}],"author":[{"embeddable":true,"href":"https:\/\/ccrc.org.br\/novo\/wp-json\/wp\/v2\/users\/1"}],"replies":[{"embeddable":true,"href":"https:\/\/ccrc.org.br\/novo\/wp-json\/wp\/v2\/comments?post=5034"}],"version-history":[{"count":3,"href":"https:\/\/ccrc.org.br\/novo\/wp-json\/wp\/v2\/posts\/5034\/revisions"}],"predecessor-version":[{"id":5740,"href":"https:\/\/ccrc.org.br\/novo\/wp-json\/wp\/v2\/posts\/5034\/revisions\/5740"}],"wp:featuredmedia":[{"embeddable":true,"href":"https:\/\/ccrc.org.br\/novo\/wp-json\/wp\/v2\/media\/5035"}],"wp:attachment":[{"href":"https:\/\/ccrc.org.br\/novo\/wp-json\/wp\/v2\/media?parent=5034"}],"wp:term":[{"taxonomy":"category","embeddable":true,"href":"https:\/\/ccrc.org.br\/novo\/wp-json\/wp\/v2\/categories?post=5034"},{"taxonomy":"post_tag","embeddable":true,"href":"https:\/\/ccrc.org.br\/novo\/wp-json\/wp\/v2\/tags?post=5034"}],"curies":[{"name":"wp","href":"https:\/\/api.w.org\/{rel}","templated":true}]}}