{"id":5059,"date":"2025-05-30T11:03:55","date_gmt":"2025-05-30T14:03:55","guid":{"rendered":"https:\/\/ccrc.org.br\/novo\/?p=5059"},"modified":"2025-05-30T11:04:01","modified_gmt":"2025-05-30T14:04:01","slug":"cbi-sub-17-uma-experiencia-nacional-inesquecivel","status":"publish","type":"post","link":"https:\/\/ccrc.org.br\/novo\/2025\/05\/30\/cbi-sub-17-uma-experiencia-nacional-inesquecivel\/","title":{"rendered":"CBI Sub-17 \u2013 Uma Experi\u00eancia Nacional Inesquec\u00edvel!"},"content":{"rendered":"\n<p>Encerramos nossa participa\u00e7\u00e3o na CBI com muito orgulho! Entre 33 equipes de todo o Brasil, ficamos na 17\u00aa coloca\u00e7\u00e3o, com uma campanha de supera\u00e7\u00e3o, garra e muito aprendizado!<\/p>\n\n\n\n<p>Na primeira fase, abrimos com vit\u00f3ria contra o Cerrado (DF) e, mesmo com duas derrotas em seguida, mostramos que est\u00e1vamos prontos para encarar grandes desafios.<\/p>\n\n\n\n<p>E foi exatamente isso que fizemos! Na sequ\u00eancia, engatamos tr\u00eas vit\u00f3rias consecutivas sobre Joinville (SC), Mackenzie Minas (MG) e Desportivo RN, mostrando a for\u00e7a do nosso grupo!<\/p>\n\n\n\n<p>Mais do que resultados, levamos para casa uma bagagem valiosa: enfrentamos grandes equipes, evolu\u00edmos e representamos com honra.<\/p>\n\n\n\n<p>Detalhe importante: a competi\u00e7\u00e3o era Sub-17, mas nossa equipe \u00e9 majoritariamente Sub-16! <br>Isso s\u00f3 refor\u00e7a o quanto nosso projeto est\u00e1 no caminho certo!<\/p>\n\n\n\n<p>Parab\u00e9ns a todos os atletas, comiss\u00e3o t\u00e9cnica e aos que acreditam no&nbsp;nosso&nbsp;trabalho.<\/p>\n","protected":false},"excerpt":{"rendered":"<p>Encerramos nossa participa\u00e7\u00e3o na CBI com muito orgulho! Entre 33 equipes de todo o Brasil, ficamos na 17\u00aa coloca\u00e7\u00e3o, com uma campanha de supera\u00e7\u00e3o, garra e muito aprendizado! Na primeira fase, abrimos com vit\u00f3ria contra o Cerrado (DF) e, mesmo com duas derrotas em seguida, mostramos que est\u00e1vamos prontos para encarar grandes desafios. E foi [&hellip;]<\/p>\n","protected":false},"author":1,"featured_media":5060,"comment_status":"open","ping_status":"open","sticky":false,"template":"","format":"standard","meta":{"_acf_changed":false,"footnotes":""},"categories":[39,38],"tags":[],"class_list":["post-5059","post","type-post","status-publish","format-standard","has-post-thumbnail","hentry","category-cbc","category-esportes"],"acf":[],"yoast_head":"<!-- This site is optimized with the Yoast SEO plugin v26.9 - https:\/\/yoast.com\/product\/yoast-seo-wordpress\/ -->\n<title>CBI Sub-17 \u2013 Uma Experi\u00eancia Nacional Inesquec\u00edvel! - Clube de Campo de Rio Claro<\/title>\n<meta name=\"robots\" content=\"index, follow, max-snippet:-1, max-image-preview:large, max-video-preview:-1\" \/>\n<link rel=\"canonical\" href=\"https:\/\/ccrc.org.br\/novo\/2025\/05\/30\/cbi-sub-17-uma-experiencia-nacional-inesquecivel\/\" \/>\n<meta property=\"og:locale\" content=\"pt_BR\" \/>\n<meta property=\"og:type\" content=\"article\" \/>\n<meta property=\"og:title\" content=\"CBI Sub-17 \u2013 Uma Experi\u00eancia Nacional Inesquec\u00edvel! - Clube de Campo de Rio Claro\" \/>\n<meta property=\"og:description\" content=\"Encerramos nossa participa\u00e7\u00e3o na CBI com muito orgulho! Entre 33 equipes de todo o Brasil, ficamos na 17\u00aa coloca\u00e7\u00e3o, com uma campanha de supera\u00e7\u00e3o, garra e muito aprendizado! Na primeira fase, abrimos com vit\u00f3ria contra o Cerrado (DF) e, mesmo com duas derrotas em seguida, mostramos que est\u00e1vamos prontos para encarar grandes desafios. E foi [&hellip;]\" \/>\n<meta property=\"og:url\" content=\"https:\/\/ccrc.org.br\/novo\/2025\/05\/30\/cbi-sub-17-uma-experiencia-nacional-inesquecivel\/\" \/>\n<meta property=\"og:site_name\" content=\"Clube de Campo de Rio Claro\" \/>\n<meta property=\"article:published_time\" content=\"2025-05-30T14:03:55+00:00\" \/>\n<meta property=\"article:modified_time\" content=\"2025-05-30T14:04:01+00:00\" \/>\n<meta property=\"og:image\" content=\"https:\/\/ccrc.org.br\/novo\/wp-content\/uploads\/2025\/05\/basquete-cbi.jpg\" \/>\n\t<meta property=\"og:image:width\" content=\"1600\" \/>\n\t<meta property=\"og:image:height\" content=\"1066\" \/>\n\t<meta property=\"og:image:type\" content=\"image\/jpeg\" \/>\n<meta name=\"author\" content=\"admin\" \/>\n<meta name=\"twitter:card\" content=\"summary_large_image\" \/>\n<meta name=\"twitter:label1\" content=\"Escrito por\" \/>\n\t<meta name=\"twitter:data1\" content=\"admin\" \/>\n\t<meta name=\"twitter:label2\" content=\"Est. tempo de leitura\" \/>\n\t<meta name=\"twitter:data2\" content=\"1 minuto\" \/>\n<script type=\"application\/ld+json\" class=\"yoast-schema-graph\">{\"@context\":\"https:\/\/schema.org\",\"@graph\":[{\"@type\":\"Article\",\"@id\":\"https:\/\/ccrc.org.br\/novo\/2025\/05\/30\/cbi-sub-17-uma-experiencia-nacional-inesquecivel\/#article\",\"isPartOf\":{\"@id\":\"https:\/\/ccrc.org.br\/novo\/2025\/05\/30\/cbi-sub-17-uma-experiencia-nacional-inesquecivel\/\"},\"author\":{\"name\":\"admin\",\"@id\":\"https:\/\/ccrc.org.br\/novo\/#\/schema\/person\/372910773046b636e9740af50fb5eb18\"},\"headline\":\"CBI Sub-17 \u2013 Uma Experi\u00eancia Nacional Inesquec\u00edvel!\",\"datePublished\":\"2025-05-30T14:03:55+00:00\",\"dateModified\":\"2025-05-30T14:04:01+00:00\",\"mainEntityOfPage\":{\"@id\":\"https:\/\/ccrc.org.br\/novo\/2025\/05\/30\/cbi-sub-17-uma-experiencia-nacional-inesquecivel\/\"},\"wordCount\":157,\"commentCount\":0,\"publisher\":{\"@id\":\"https:\/\/ccrc.org.br\/novo\/#organization\"},\"image\":{\"@id\":\"https:\/\/ccrc.org.br\/novo\/2025\/05\/30\/cbi-sub-17-uma-experiencia-nacional-inesquecivel\/#primaryimage\"},\"thumbnailUrl\":\"https:\/\/ccrc.org.br\/novo\/wp-content\/uploads\/2025\/05\/basquete-cbi.jpg\",\"articleSection\":[\"CBC\",\"Esportes\"],\"inLanguage\":\"pt-BR\",\"potentialAction\":[{\"@type\":\"CommentAction\",\"name\":\"Comment\",\"target\":[\"https:\/\/ccrc.org.br\/novo\/2025\/05\/30\/cbi-sub-17-uma-experiencia-nacional-inesquecivel\/#respond\"]}]},{\"@type\":\"WebPage\",\"@id\":\"https:\/\/ccrc.org.br\/novo\/2025\/05\/30\/cbi-sub-17-uma-experiencia-nacional-inesquecivel\/\",\"url\":\"https:\/\/ccrc.org.br\/novo\/2025\/05\/30\/cbi-sub-17-uma-experiencia-nacional-inesquecivel\/\",\"name\":\"CBI Sub-17 \u2013 Uma Experi\u00eancia Nacional Inesquec\u00edvel! - Clube de Campo de Rio Claro\",\"isPartOf\":{\"@id\":\"https:\/\/ccrc.org.br\/novo\/#website\"},\"primaryImageOfPage\":{\"@id\":\"https:\/\/ccrc.org.br\/novo\/2025\/05\/30\/cbi-sub-17-uma-experiencia-nacional-inesquecivel\/#primaryimage\"},\"image\":{\"@id\":\"https:\/\/ccrc.org.br\/novo\/2025\/05\/30\/cbi-sub-17-uma-experiencia-nacional-inesquecivel\/#primaryimage\"},\"thumbnailUrl\":\"https:\/\/ccrc.org.br\/novo\/wp-content\/uploads\/2025\/05\/basquete-cbi.jpg\",\"datePublished\":\"2025-05-30T14:03:55+00:00\",\"dateModified\":\"2025-05-30T14:04:01+00:00\",\"breadcrumb\":{\"@id\":\"https:\/\/ccrc.org.br\/novo\/2025\/05\/30\/cbi-sub-17-uma-experiencia-nacional-inesquecivel\/#breadcrumb\"},\"inLanguage\":\"pt-BR\",\"potentialAction\":[{\"@type\":\"ReadAction\",\"target\":[\"https:\/\/ccrc.org.br\/novo\/2025\/05\/30\/cbi-sub-17-uma-experiencia-nacional-inesquecivel\/\"]}]},{\"@type\":\"ImageObject\",\"inLanguage\":\"pt-BR\",\"@id\":\"https:\/\/ccrc.org.br\/novo\/2025\/05\/30\/cbi-sub-17-uma-experiencia-nacional-inesquecivel\/#primaryimage\",\"url\":\"https:\/\/ccrc.org.br\/novo\/wp-content\/uploads\/2025\/05\/basquete-cbi.jpg\",\"contentUrl\":\"https:\/\/ccrc.org.br\/novo\/wp-content\/uploads\/2025\/05\/basquete-cbi.jpg\",\"width\":1600,\"height\":1066},{\"@type\":\"BreadcrumbList\",\"@id\":\"https:\/\/ccrc.org.br\/novo\/2025\/05\/30\/cbi-sub-17-uma-experiencia-nacional-inesquecivel\/#breadcrumb\",\"itemListElement\":[{\"@type\":\"ListItem\",\"position\":1,\"name\":\"In\u00edcio\",\"item\":\"https:\/\/ccrc.org.br\/novo\/\"},{\"@type\":\"ListItem\",\"position\":2,\"name\":\"CBI Sub-17 \u2013 Uma Experi\u00eancia Nacional Inesquec\u00edvel!\"}]},{\"@type\":\"WebSite\",\"@id\":\"https:\/\/ccrc.org.br\/novo\/#website\",\"url\":\"https:\/\/ccrc.org.br\/novo\/\",\"name\":\"Clube de Campo de Rio Claro\",\"description\":\"Clube de Campo de Rio Claro\",\"publisher\":{\"@id\":\"https:\/\/ccrc.org.br\/novo\/#organization\"},\"potentialAction\":[{\"@type\":\"SearchAction\",\"target\":{\"@type\":\"EntryPoint\",\"urlTemplate\":\"https:\/\/ccrc.org.br\/novo\/?s={search_term_string}\"},\"query-input\":{\"@type\":\"PropertyValueSpecification\",\"valueRequired\":true,\"valueName\":\"search_term_string\"}}],\"inLanguage\":\"pt-BR\"},{\"@type\":\"Organization\",\"@id\":\"https:\/\/ccrc.org.br\/novo\/#organization\",\"name\":\"Clube de Campo de Rio Claro\",\"url\":\"https:\/\/ccrc.org.br\/novo\/\",\"logo\":{\"@type\":\"ImageObject\",\"inLanguage\":\"pt-BR\",\"@id\":\"https:\/\/ccrc.org.br\/novo\/#\/schema\/logo\/image\/\",\"url\":\"https:\/\/ccrc.org.br\/novo\/wp-content\/uploads\/2024\/07\/CCRC-Logotipo-e1724350576690.png\",\"contentUrl\":\"https:\/\/ccrc.org.br\/novo\/wp-content\/uploads\/2024\/07\/CCRC-Logotipo-e1724350576690.png\",\"width\":512,\"height\":629,\"caption\":\"Clube de Campo de Rio Claro\"},\"image\":{\"@id\":\"https:\/\/ccrc.org.br\/novo\/#\/schema\/logo\/image\/\"}},{\"@type\":\"Person\",\"@id\":\"https:\/\/ccrc.org.br\/novo\/#\/schema\/person\/372910773046b636e9740af50fb5eb18\",\"name\":\"admin\",\"image\":{\"@type\":\"ImageObject\",\"inLanguage\":\"pt-BR\",\"@id\":\"https:\/\/ccrc.org.br\/novo\/#\/schema\/person\/image\/\",\"url\":\"https:\/\/secure.gravatar.com\/avatar\/718c24d324ad2c2388b8cc064a2f6c8377287102aecc257a563f468780849400?s=96&d=mm&r=g\",\"contentUrl\":\"https:\/\/secure.gravatar.com\/avatar\/718c24d324ad2c2388b8cc064a2f6c8377287102aecc257a563f468780849400?s=96&d=mm&r=g\",\"caption\":\"admin\"},\"sameAs\":[\"https:\/\/ccrc.org.br\/novo\"],\"url\":\"https:\/\/ccrc.org.br\/novo\/author\/admin\/\"}]}<\/script>\n<!-- \/ Yoast SEO plugin. -->","yoast_head_json":{"title":"CBI Sub-17 \u2013 Uma Experi\u00eancia Nacional Inesquec\u00edvel! - Clube de Campo de Rio Claro","robots":{"index":"index","follow":"follow","max-snippet":"max-snippet:-1","max-image-preview":"max-image-preview:large","max-video-preview":"max-video-preview:-1"},"canonical":"https:\/\/ccrc.org.br\/novo\/2025\/05\/30\/cbi-sub-17-uma-experiencia-nacional-inesquecivel\/","og_locale":"pt_BR","og_type":"article","og_title":"CBI Sub-17 \u2013 Uma Experi\u00eancia Nacional Inesquec\u00edvel! - Clube de Campo de Rio Claro","og_description":"Encerramos nossa participa\u00e7\u00e3o na CBI com muito orgulho! Entre 33 equipes de todo o Brasil, ficamos na 17\u00aa coloca\u00e7\u00e3o, com uma campanha de supera\u00e7\u00e3o, garra e muito aprendizado! Na primeira fase, abrimos com vit\u00f3ria contra o Cerrado (DF) e, mesmo com duas derrotas em seguida, mostramos que est\u00e1vamos prontos para encarar grandes desafios. E foi [&hellip;]","og_url":"https:\/\/ccrc.org.br\/novo\/2025\/05\/30\/cbi-sub-17-uma-experiencia-nacional-inesquecivel\/","og_site_name":"Clube de Campo de Rio Claro","article_published_time":"2025-05-30T14:03:55+00:00","article_modified_time":"2025-05-30T14:04:01+00:00","og_image":[{"width":1600,"height":1066,"url":"https:\/\/ccrc.org.br\/novo\/wp-content\/uploads\/2025\/05\/basquete-cbi.jpg","type":"image\/jpeg"}],"author":"admin","twitter_card":"summary_large_image","twitter_misc":{"Escrito por":"admin","Est. tempo de leitura":"1 minuto"},"schema":{"@context":"https:\/\/schema.org","@graph":[{"@type":"Article","@id":"https:\/\/ccrc.org.br\/novo\/2025\/05\/30\/cbi-sub-17-uma-experiencia-nacional-inesquecivel\/#article","isPartOf":{"@id":"https:\/\/ccrc.org.br\/novo\/2025\/05\/30\/cbi-sub-17-uma-experiencia-nacional-inesquecivel\/"},"author":{"name":"admin","@id":"https:\/\/ccrc.org.br\/novo\/#\/schema\/person\/372910773046b636e9740af50fb5eb18"},"headline":"CBI Sub-17 \u2013 Uma Experi\u00eancia Nacional Inesquec\u00edvel!","datePublished":"2025-05-30T14:03:55+00:00","dateModified":"2025-05-30T14:04:01+00:00","mainEntityOfPage":{"@id":"https:\/\/ccrc.org.br\/novo\/2025\/05\/30\/cbi-sub-17-uma-experiencia-nacional-inesquecivel\/"},"wordCount":157,"commentCount":0,"publisher":{"@id":"https:\/\/ccrc.org.br\/novo\/#organization"},"image":{"@id":"https:\/\/ccrc.org.br\/novo\/2025\/05\/30\/cbi-sub-17-uma-experiencia-nacional-inesquecivel\/#primaryimage"},"thumbnailUrl":"https:\/\/ccrc.org.br\/novo\/wp-content\/uploads\/2025\/05\/basquete-cbi.jpg","articleSection":["CBC","Esportes"],"inLanguage":"pt-BR","potentialAction":[{"@type":"CommentAction","name":"Comment","target":["https:\/\/ccrc.org.br\/novo\/2025\/05\/30\/cbi-sub-17-uma-experiencia-nacional-inesquecivel\/#respond"]}]},{"@type":"WebPage","@id":"https:\/\/ccrc.org.br\/novo\/2025\/05\/30\/cbi-sub-17-uma-experiencia-nacional-inesquecivel\/","url":"https:\/\/ccrc.org.br\/novo\/2025\/05\/30\/cbi-sub-17-uma-experiencia-nacional-inesquecivel\/","name":"CBI Sub-17 \u2013 Uma Experi\u00eancia Nacional Inesquec\u00edvel! - Clube de Campo de Rio Claro","isPartOf":{"@id":"https:\/\/ccrc.org.br\/novo\/#website"},"primaryImageOfPage":{"@id":"https:\/\/ccrc.org.br\/novo\/2025\/05\/30\/cbi-sub-17-uma-experiencia-nacional-inesquecivel\/#primaryimage"},"image":{"@id":"https:\/\/ccrc.org.br\/novo\/2025\/05\/30\/cbi-sub-17-uma-experiencia-nacional-inesquecivel\/#primaryimage"},"thumbnailUrl":"https:\/\/ccrc.org.br\/novo\/wp-content\/uploads\/2025\/05\/basquete-cbi.jpg","datePublished":"2025-05-30T14:03:55+00:00","dateModified":"2025-05-30T14:04:01+00:00","breadcrumb":{"@id":"https:\/\/ccrc.org.br\/novo\/2025\/05\/30\/cbi-sub-17-uma-experiencia-nacional-inesquecivel\/#breadcrumb"},"inLanguage":"pt-BR","potentialAction":[{"@type":"ReadAction","target":["https:\/\/ccrc.org.br\/novo\/2025\/05\/30\/cbi-sub-17-uma-experiencia-nacional-inesquecivel\/"]}]},{"@type":"ImageObject","inLanguage":"pt-BR","@id":"https:\/\/ccrc.org.br\/novo\/2025\/05\/30\/cbi-sub-17-uma-experiencia-nacional-inesquecivel\/#primaryimage","url":"https:\/\/ccrc.org.br\/novo\/wp-content\/uploads\/2025\/05\/basquete-cbi.jpg","contentUrl":"https:\/\/ccrc.org.br\/novo\/wp-content\/uploads\/2025\/05\/basquete-cbi.jpg","width":1600,"height":1066},{"@type":"BreadcrumbList","@id":"https:\/\/ccrc.org.br\/novo\/2025\/05\/30\/cbi-sub-17-uma-experiencia-nacional-inesquecivel\/#breadcrumb","itemListElement":[{"@type":"ListItem","position":1,"name":"In\u00edcio","item":"https:\/\/ccrc.org.br\/novo\/"},{"@type":"ListItem","position":2,"name":"CBI Sub-17 \u2013 Uma Experi\u00eancia Nacional Inesquec\u00edvel!"}]},{"@type":"WebSite","@id":"https:\/\/ccrc.org.br\/novo\/#website","url":"https:\/\/ccrc.org.br\/novo\/","name":"Clube de Campo de Rio Claro","description":"Clube de Campo de Rio Claro","publisher":{"@id":"https:\/\/ccrc.org.br\/novo\/#organization"},"potentialAction":[{"@type":"SearchAction","target":{"@type":"EntryPoint","urlTemplate":"https:\/\/ccrc.org.br\/novo\/?s={search_term_string}"},"query-input":{"@type":"PropertyValueSpecification","valueRequired":true,"valueName":"search_term_string"}}],"inLanguage":"pt-BR"},{"@type":"Organization","@id":"https:\/\/ccrc.org.br\/novo\/#organization","name":"Clube de Campo de Rio Claro","url":"https:\/\/ccrc.org.br\/novo\/","logo":{"@type":"ImageObject","inLanguage":"pt-BR","@id":"https:\/\/ccrc.org.br\/novo\/#\/schema\/logo\/image\/","url":"https:\/\/ccrc.org.br\/novo\/wp-content\/uploads\/2024\/07\/CCRC-Logotipo-e1724350576690.png","contentUrl":"https:\/\/ccrc.org.br\/novo\/wp-content\/uploads\/2024\/07\/CCRC-Logotipo-e1724350576690.png","width":512,"height":629,"caption":"Clube de Campo de Rio Claro"},"image":{"@id":"https:\/\/ccrc.org.br\/novo\/#\/schema\/logo\/image\/"}},{"@type":"Person","@id":"https:\/\/ccrc.org.br\/novo\/#\/schema\/person\/372910773046b636e9740af50fb5eb18","name":"admin","image":{"@type":"ImageObject","inLanguage":"pt-BR","@id":"https:\/\/ccrc.org.br\/novo\/#\/schema\/person\/image\/","url":"https:\/\/secure.gravatar.com\/avatar\/718c24d324ad2c2388b8cc064a2f6c8377287102aecc257a563f468780849400?s=96&d=mm&r=g","contentUrl":"https:\/\/secure.gravatar.com\/avatar\/718c24d324ad2c2388b8cc064a2f6c8377287102aecc257a563f468780849400?s=96&d=mm&r=g","caption":"admin"},"sameAs":["https:\/\/ccrc.org.br\/novo"],"url":"https:\/\/ccrc.org.br\/novo\/author\/admin\/"}]}},"_links":{"self":[{"href":"https:\/\/ccrc.org.br\/novo\/wp-json\/wp\/v2\/posts\/5059","targetHints":{"allow":["GET"]}}],"collection":[{"href":"https:\/\/ccrc.org.br\/novo\/wp-json\/wp\/v2\/posts"}],"about":[{"href":"https:\/\/ccrc.org.br\/novo\/wp-json\/wp\/v2\/types\/post"}],"author":[{"embeddable":true,"href":"https:\/\/ccrc.org.br\/novo\/wp-json\/wp\/v2\/users\/1"}],"replies":[{"embeddable":true,"href":"https:\/\/ccrc.org.br\/novo\/wp-json\/wp\/v2\/comments?post=5059"}],"version-history":[{"count":1,"href":"https:\/\/ccrc.org.br\/novo\/wp-json\/wp\/v2\/posts\/5059\/revisions"}],"predecessor-version":[{"id":5061,"href":"https:\/\/ccrc.org.br\/novo\/wp-json\/wp\/v2\/posts\/5059\/revisions\/5061"}],"wp:featuredmedia":[{"embeddable":true,"href":"https:\/\/ccrc.org.br\/novo\/wp-json\/wp\/v2\/media\/5060"}],"wp:attachment":[{"href":"https:\/\/ccrc.org.br\/novo\/wp-json\/wp\/v2\/media?parent=5059"}],"wp:term":[{"taxonomy":"category","embeddable":true,"href":"https:\/\/ccrc.org.br\/novo\/wp-json\/wp\/v2\/categories?post=5059"},{"taxonomy":"post_tag","embeddable":true,"href":"https:\/\/ccrc.org.br\/novo\/wp-json\/wp\/v2\/tags?post=5059"}],"curies":[{"name":"wp","href":"https:\/\/api.w.org\/{rel}","templated":true}]}}