{"id":5697,"date":"2025-11-14T11:41:53","date_gmt":"2025-11-14T14:41:53","guid":{"rendered":"https:\/\/ccrc.org.br\/novo\/?p=5697"},"modified":"2025-11-14T11:41:59","modified_gmt":"2025-11-14T14:41:59","slug":"destaque-no-tatame","status":"publish","type":"post","link":"https:\/\/ccrc.org.br\/novo\/2025\/11\/14\/destaque-no-tatame\/","title":{"rendered":"Destaque no Tatame!"},"content":{"rendered":"\n<p>O Clube de Campo de Rio Claro parabeniza a atleta Valentina pela conquista da medalha de bronze na final do Campeonato Paulista de Jud\u00f4.<\/p>\n\n\n\n<p>Essa conquista \u00e9 resultado de muito comprometimento, dedica\u00e7\u00e3o e espirito esportivo, valores que representam o verdadeiro sentido do jud\u00f4 e do nosso Clube.<\/p>\n\n\n\n<p>Parabenizamos tamb\u00e9m toda a equipe t\u00e9cnica pelo excelente trabalho e seguimos na torcida pelos demais atletas.<\/p>\n","protected":false},"excerpt":{"rendered":"<p>O Clube de Campo de Rio Claro parabeniza a atleta Valentina pela conquista da medalha de bronze na final do Campeonato Paulista de Jud\u00f4. Essa conquista \u00e9 resultado de muito comprometimento, dedica\u00e7\u00e3o e espirito esportivo, valores que representam o verdadeiro sentido do jud\u00f4 e do nosso Clube. Parabenizamos tamb\u00e9m toda a equipe t\u00e9cnica pelo excelente [&hellip;]<\/p>\n","protected":false},"author":1,"featured_media":5698,"comment_status":"open","ping_status":"open","sticky":false,"template":"","format":"standard","meta":{"_acf_changed":false,"footnotes":""},"categories":[39,38],"tags":[],"class_list":["post-5697","post","type-post","status-publish","format-standard","has-post-thumbnail","hentry","category-cbc","category-esportes"],"acf":[],"yoast_head":"<!-- This site is optimized with the Yoast SEO plugin v26.9 - https:\/\/yoast.com\/product\/yoast-seo-wordpress\/ -->\n<title>Destaque no Tatame! - Clube de Campo de Rio Claro<\/title>\n<meta name=\"robots\" content=\"index, follow, max-snippet:-1, max-image-preview:large, max-video-preview:-1\" \/>\n<link rel=\"canonical\" href=\"https:\/\/ccrc.org.br\/novo\/2025\/11\/14\/destaque-no-tatame\/\" \/>\n<meta property=\"og:locale\" content=\"pt_BR\" \/>\n<meta property=\"og:type\" content=\"article\" \/>\n<meta property=\"og:title\" content=\"Destaque no Tatame! - Clube de Campo de Rio Claro\" \/>\n<meta property=\"og:description\" content=\"O Clube de Campo de Rio Claro parabeniza a atleta Valentina pela conquista da medalha de bronze na final do Campeonato Paulista de Jud\u00f4. Essa conquista \u00e9 resultado de muito comprometimento, dedica\u00e7\u00e3o e espirito esportivo, valores que representam o verdadeiro sentido do jud\u00f4 e do nosso Clube. Parabenizamos tamb\u00e9m toda a equipe t\u00e9cnica pelo excelente [&hellip;]\" \/>\n<meta property=\"og:url\" content=\"https:\/\/ccrc.org.br\/novo\/2025\/11\/14\/destaque-no-tatame\/\" \/>\n<meta property=\"og:site_name\" content=\"Clube de Campo de Rio Claro\" \/>\n<meta property=\"article:published_time\" content=\"2025-11-14T14:41:53+00:00\" \/>\n<meta property=\"article:modified_time\" content=\"2025-11-14T14:41:59+00:00\" \/>\n<meta property=\"og:image\" content=\"https:\/\/ccrc.org.br\/novo\/wp-content\/uploads\/2025\/11\/WhatsApp-Image-2025-11-14-at-09.49.37.jpeg\" \/>\n\t<meta property=\"og:image:width\" content=\"1080\" \/>\n\t<meta property=\"og:image:height\" content=\"1350\" \/>\n\t<meta property=\"og:image:type\" content=\"image\/jpeg\" \/>\n<meta name=\"author\" content=\"admin\" \/>\n<meta name=\"twitter:card\" content=\"summary_large_image\" \/>\n<meta name=\"twitter:label1\" content=\"Escrito por\" \/>\n\t<meta name=\"twitter:data1\" content=\"admin\" \/>\n\t<meta name=\"twitter:label2\" content=\"Est. tempo de leitura\" \/>\n\t<meta name=\"twitter:data2\" content=\"1 minuto\" \/>\n<script type=\"application\/ld+json\" class=\"yoast-schema-graph\">{\"@context\":\"https:\/\/schema.org\",\"@graph\":[{\"@type\":\"Article\",\"@id\":\"https:\/\/ccrc.org.br\/novo\/2025\/11\/14\/destaque-no-tatame\/#article\",\"isPartOf\":{\"@id\":\"https:\/\/ccrc.org.br\/novo\/2025\/11\/14\/destaque-no-tatame\/\"},\"author\":{\"name\":\"admin\",\"@id\":\"https:\/\/ccrc.org.br\/novo\/#\/schema\/person\/372910773046b636e9740af50fb5eb18\"},\"headline\":\"Destaque no Tatame!\",\"datePublished\":\"2025-11-14T14:41:53+00:00\",\"dateModified\":\"2025-11-14T14:41:59+00:00\",\"mainEntityOfPage\":{\"@id\":\"https:\/\/ccrc.org.br\/novo\/2025\/11\/14\/destaque-no-tatame\/\"},\"wordCount\":68,\"commentCount\":0,\"publisher\":{\"@id\":\"https:\/\/ccrc.org.br\/novo\/#organization\"},\"image\":{\"@id\":\"https:\/\/ccrc.org.br\/novo\/2025\/11\/14\/destaque-no-tatame\/#primaryimage\"},\"thumbnailUrl\":\"https:\/\/ccrc.org.br\/novo\/wp-content\/uploads\/2025\/11\/WhatsApp-Image-2025-11-14-at-09.49.37.jpeg\",\"articleSection\":[\"CBC\",\"Esportes\"],\"inLanguage\":\"pt-BR\",\"potentialAction\":[{\"@type\":\"CommentAction\",\"name\":\"Comment\",\"target\":[\"https:\/\/ccrc.org.br\/novo\/2025\/11\/14\/destaque-no-tatame\/#respond\"]}]},{\"@type\":\"WebPage\",\"@id\":\"https:\/\/ccrc.org.br\/novo\/2025\/11\/14\/destaque-no-tatame\/\",\"url\":\"https:\/\/ccrc.org.br\/novo\/2025\/11\/14\/destaque-no-tatame\/\",\"name\":\"Destaque no Tatame! - Clube de Campo de Rio Claro\",\"isPartOf\":{\"@id\":\"https:\/\/ccrc.org.br\/novo\/#website\"},\"primaryImageOfPage\":{\"@id\":\"https:\/\/ccrc.org.br\/novo\/2025\/11\/14\/destaque-no-tatame\/#primaryimage\"},\"image\":{\"@id\":\"https:\/\/ccrc.org.br\/novo\/2025\/11\/14\/destaque-no-tatame\/#primaryimage\"},\"thumbnailUrl\":\"https:\/\/ccrc.org.br\/novo\/wp-content\/uploads\/2025\/11\/WhatsApp-Image-2025-11-14-at-09.49.37.jpeg\",\"datePublished\":\"2025-11-14T14:41:53+00:00\",\"dateModified\":\"2025-11-14T14:41:59+00:00\",\"breadcrumb\":{\"@id\":\"https:\/\/ccrc.org.br\/novo\/2025\/11\/14\/destaque-no-tatame\/#breadcrumb\"},\"inLanguage\":\"pt-BR\",\"potentialAction\":[{\"@type\":\"ReadAction\",\"target\":[\"https:\/\/ccrc.org.br\/novo\/2025\/11\/14\/destaque-no-tatame\/\"]}]},{\"@type\":\"ImageObject\",\"inLanguage\":\"pt-BR\",\"@id\":\"https:\/\/ccrc.org.br\/novo\/2025\/11\/14\/destaque-no-tatame\/#primaryimage\",\"url\":\"https:\/\/ccrc.org.br\/novo\/wp-content\/uploads\/2025\/11\/WhatsApp-Image-2025-11-14-at-09.49.37.jpeg\",\"contentUrl\":\"https:\/\/ccrc.org.br\/novo\/wp-content\/uploads\/2025\/11\/WhatsApp-Image-2025-11-14-at-09.49.37.jpeg\",\"width\":1080,\"height\":1350},{\"@type\":\"BreadcrumbList\",\"@id\":\"https:\/\/ccrc.org.br\/novo\/2025\/11\/14\/destaque-no-tatame\/#breadcrumb\",\"itemListElement\":[{\"@type\":\"ListItem\",\"position\":1,\"name\":\"In\u00edcio\",\"item\":\"https:\/\/ccrc.org.br\/novo\/\"},{\"@type\":\"ListItem\",\"position\":2,\"name\":\"Destaque no Tatame!\"}]},{\"@type\":\"WebSite\",\"@id\":\"https:\/\/ccrc.org.br\/novo\/#website\",\"url\":\"https:\/\/ccrc.org.br\/novo\/\",\"name\":\"Clube de Campo de Rio Claro\",\"description\":\"Clube de Campo de Rio Claro\",\"publisher\":{\"@id\":\"https:\/\/ccrc.org.br\/novo\/#organization\"},\"potentialAction\":[{\"@type\":\"SearchAction\",\"target\":{\"@type\":\"EntryPoint\",\"urlTemplate\":\"https:\/\/ccrc.org.br\/novo\/?s={search_term_string}\"},\"query-input\":{\"@type\":\"PropertyValueSpecification\",\"valueRequired\":true,\"valueName\":\"search_term_string\"}}],\"inLanguage\":\"pt-BR\"},{\"@type\":\"Organization\",\"@id\":\"https:\/\/ccrc.org.br\/novo\/#organization\",\"name\":\"Clube de Campo de Rio Claro\",\"url\":\"https:\/\/ccrc.org.br\/novo\/\",\"logo\":{\"@type\":\"ImageObject\",\"inLanguage\":\"pt-BR\",\"@id\":\"https:\/\/ccrc.org.br\/novo\/#\/schema\/logo\/image\/\",\"url\":\"https:\/\/ccrc.org.br\/novo\/wp-content\/uploads\/2024\/07\/CCRC-Logotipo-e1724350576690.png\",\"contentUrl\":\"https:\/\/ccrc.org.br\/novo\/wp-content\/uploads\/2024\/07\/CCRC-Logotipo-e1724350576690.png\",\"width\":512,\"height\":629,\"caption\":\"Clube de Campo de Rio Claro\"},\"image\":{\"@id\":\"https:\/\/ccrc.org.br\/novo\/#\/schema\/logo\/image\/\"}},{\"@type\":\"Person\",\"@id\":\"https:\/\/ccrc.org.br\/novo\/#\/schema\/person\/372910773046b636e9740af50fb5eb18\",\"name\":\"admin\",\"image\":{\"@type\":\"ImageObject\",\"inLanguage\":\"pt-BR\",\"@id\":\"https:\/\/ccrc.org.br\/novo\/#\/schema\/person\/image\/\",\"url\":\"https:\/\/secure.gravatar.com\/avatar\/718c24d324ad2c2388b8cc064a2f6c8377287102aecc257a563f468780849400?s=96&d=mm&r=g\",\"contentUrl\":\"https:\/\/secure.gravatar.com\/avatar\/718c24d324ad2c2388b8cc064a2f6c8377287102aecc257a563f468780849400?s=96&d=mm&r=g\",\"caption\":\"admin\"},\"sameAs\":[\"https:\/\/ccrc.org.br\/novo\"],\"url\":\"https:\/\/ccrc.org.br\/novo\/author\/admin\/\"}]}<\/script>\n<!-- \/ Yoast SEO plugin. -->","yoast_head_json":{"title":"Destaque no Tatame! - Clube de Campo de Rio Claro","robots":{"index":"index","follow":"follow","max-snippet":"max-snippet:-1","max-image-preview":"max-image-preview:large","max-video-preview":"max-video-preview:-1"},"canonical":"https:\/\/ccrc.org.br\/novo\/2025\/11\/14\/destaque-no-tatame\/","og_locale":"pt_BR","og_type":"article","og_title":"Destaque no Tatame! - Clube de Campo de Rio Claro","og_description":"O Clube de Campo de Rio Claro parabeniza a atleta Valentina pela conquista da medalha de bronze na final do Campeonato Paulista de Jud\u00f4. Essa conquista \u00e9 resultado de muito comprometimento, dedica\u00e7\u00e3o e espirito esportivo, valores que representam o verdadeiro sentido do jud\u00f4 e do nosso Clube. Parabenizamos tamb\u00e9m toda a equipe t\u00e9cnica pelo excelente [&hellip;]","og_url":"https:\/\/ccrc.org.br\/novo\/2025\/11\/14\/destaque-no-tatame\/","og_site_name":"Clube de Campo de Rio Claro","article_published_time":"2025-11-14T14:41:53+00:00","article_modified_time":"2025-11-14T14:41:59+00:00","og_image":[{"width":1080,"height":1350,"url":"https:\/\/ccrc.org.br\/novo\/wp-content\/uploads\/2025\/11\/WhatsApp-Image-2025-11-14-at-09.49.37.jpeg","type":"image\/jpeg"}],"author":"admin","twitter_card":"summary_large_image","twitter_misc":{"Escrito por":"admin","Est. tempo de leitura":"1 minuto"},"schema":{"@context":"https:\/\/schema.org","@graph":[{"@type":"Article","@id":"https:\/\/ccrc.org.br\/novo\/2025\/11\/14\/destaque-no-tatame\/#article","isPartOf":{"@id":"https:\/\/ccrc.org.br\/novo\/2025\/11\/14\/destaque-no-tatame\/"},"author":{"name":"admin","@id":"https:\/\/ccrc.org.br\/novo\/#\/schema\/person\/372910773046b636e9740af50fb5eb18"},"headline":"Destaque no Tatame!","datePublished":"2025-11-14T14:41:53+00:00","dateModified":"2025-11-14T14:41:59+00:00","mainEntityOfPage":{"@id":"https:\/\/ccrc.org.br\/novo\/2025\/11\/14\/destaque-no-tatame\/"},"wordCount":68,"commentCount":0,"publisher":{"@id":"https:\/\/ccrc.org.br\/novo\/#organization"},"image":{"@id":"https:\/\/ccrc.org.br\/novo\/2025\/11\/14\/destaque-no-tatame\/#primaryimage"},"thumbnailUrl":"https:\/\/ccrc.org.br\/novo\/wp-content\/uploads\/2025\/11\/WhatsApp-Image-2025-11-14-at-09.49.37.jpeg","articleSection":["CBC","Esportes"],"inLanguage":"pt-BR","potentialAction":[{"@type":"CommentAction","name":"Comment","target":["https:\/\/ccrc.org.br\/novo\/2025\/11\/14\/destaque-no-tatame\/#respond"]}]},{"@type":"WebPage","@id":"https:\/\/ccrc.org.br\/novo\/2025\/11\/14\/destaque-no-tatame\/","url":"https:\/\/ccrc.org.br\/novo\/2025\/11\/14\/destaque-no-tatame\/","name":"Destaque no Tatame! - Clube de Campo de Rio Claro","isPartOf":{"@id":"https:\/\/ccrc.org.br\/novo\/#website"},"primaryImageOfPage":{"@id":"https:\/\/ccrc.org.br\/novo\/2025\/11\/14\/destaque-no-tatame\/#primaryimage"},"image":{"@id":"https:\/\/ccrc.org.br\/novo\/2025\/11\/14\/destaque-no-tatame\/#primaryimage"},"thumbnailUrl":"https:\/\/ccrc.org.br\/novo\/wp-content\/uploads\/2025\/11\/WhatsApp-Image-2025-11-14-at-09.49.37.jpeg","datePublished":"2025-11-14T14:41:53+00:00","dateModified":"2025-11-14T14:41:59+00:00","breadcrumb":{"@id":"https:\/\/ccrc.org.br\/novo\/2025\/11\/14\/destaque-no-tatame\/#breadcrumb"},"inLanguage":"pt-BR","potentialAction":[{"@type":"ReadAction","target":["https:\/\/ccrc.org.br\/novo\/2025\/11\/14\/destaque-no-tatame\/"]}]},{"@type":"ImageObject","inLanguage":"pt-BR","@id":"https:\/\/ccrc.org.br\/novo\/2025\/11\/14\/destaque-no-tatame\/#primaryimage","url":"https:\/\/ccrc.org.br\/novo\/wp-content\/uploads\/2025\/11\/WhatsApp-Image-2025-11-14-at-09.49.37.jpeg","contentUrl":"https:\/\/ccrc.org.br\/novo\/wp-content\/uploads\/2025\/11\/WhatsApp-Image-2025-11-14-at-09.49.37.jpeg","width":1080,"height":1350},{"@type":"BreadcrumbList","@id":"https:\/\/ccrc.org.br\/novo\/2025\/11\/14\/destaque-no-tatame\/#breadcrumb","itemListElement":[{"@type":"ListItem","position":1,"name":"In\u00edcio","item":"https:\/\/ccrc.org.br\/novo\/"},{"@type":"ListItem","position":2,"name":"Destaque no Tatame!"}]},{"@type":"WebSite","@id":"https:\/\/ccrc.org.br\/novo\/#website","url":"https:\/\/ccrc.org.br\/novo\/","name":"Clube de Campo de Rio Claro","description":"Clube de Campo de Rio Claro","publisher":{"@id":"https:\/\/ccrc.org.br\/novo\/#organization"},"potentialAction":[{"@type":"SearchAction","target":{"@type":"EntryPoint","urlTemplate":"https:\/\/ccrc.org.br\/novo\/?s={search_term_string}"},"query-input":{"@type":"PropertyValueSpecification","valueRequired":true,"valueName":"search_term_string"}}],"inLanguage":"pt-BR"},{"@type":"Organization","@id":"https:\/\/ccrc.org.br\/novo\/#organization","name":"Clube de Campo de Rio Claro","url":"https:\/\/ccrc.org.br\/novo\/","logo":{"@type":"ImageObject","inLanguage":"pt-BR","@id":"https:\/\/ccrc.org.br\/novo\/#\/schema\/logo\/image\/","url":"https:\/\/ccrc.org.br\/novo\/wp-content\/uploads\/2024\/07\/CCRC-Logotipo-e1724350576690.png","contentUrl":"https:\/\/ccrc.org.br\/novo\/wp-content\/uploads\/2024\/07\/CCRC-Logotipo-e1724350576690.png","width":512,"height":629,"caption":"Clube de Campo de Rio Claro"},"image":{"@id":"https:\/\/ccrc.org.br\/novo\/#\/schema\/logo\/image\/"}},{"@type":"Person","@id":"https:\/\/ccrc.org.br\/novo\/#\/schema\/person\/372910773046b636e9740af50fb5eb18","name":"admin","image":{"@type":"ImageObject","inLanguage":"pt-BR","@id":"https:\/\/ccrc.org.br\/novo\/#\/schema\/person\/image\/","url":"https:\/\/secure.gravatar.com\/avatar\/718c24d324ad2c2388b8cc064a2f6c8377287102aecc257a563f468780849400?s=96&d=mm&r=g","contentUrl":"https:\/\/secure.gravatar.com\/avatar\/718c24d324ad2c2388b8cc064a2f6c8377287102aecc257a563f468780849400?s=96&d=mm&r=g","caption":"admin"},"sameAs":["https:\/\/ccrc.org.br\/novo"],"url":"https:\/\/ccrc.org.br\/novo\/author\/admin\/"}]}},"_links":{"self":[{"href":"https:\/\/ccrc.org.br\/novo\/wp-json\/wp\/v2\/posts\/5697","targetHints":{"allow":["GET"]}}],"collection":[{"href":"https:\/\/ccrc.org.br\/novo\/wp-json\/wp\/v2\/posts"}],"about":[{"href":"https:\/\/ccrc.org.br\/novo\/wp-json\/wp\/v2\/types\/post"}],"author":[{"embeddable":true,"href":"https:\/\/ccrc.org.br\/novo\/wp-json\/wp\/v2\/users\/1"}],"replies":[{"embeddable":true,"href":"https:\/\/ccrc.org.br\/novo\/wp-json\/wp\/v2\/comments?post=5697"}],"version-history":[{"count":1,"href":"https:\/\/ccrc.org.br\/novo\/wp-json\/wp\/v2\/posts\/5697\/revisions"}],"predecessor-version":[{"id":5703,"href":"https:\/\/ccrc.org.br\/novo\/wp-json\/wp\/v2\/posts\/5697\/revisions\/5703"}],"wp:featuredmedia":[{"embeddable":true,"href":"https:\/\/ccrc.org.br\/novo\/wp-json\/wp\/v2\/media\/5698"}],"wp:attachment":[{"href":"https:\/\/ccrc.org.br\/novo\/wp-json\/wp\/v2\/media?parent=5697"}],"wp:term":[{"taxonomy":"category","embeddable":true,"href":"https:\/\/ccrc.org.br\/novo\/wp-json\/wp\/v2\/categories?post=5697"},{"taxonomy":"post_tag","embeddable":true,"href":"https:\/\/ccrc.org.br\/novo\/wp-json\/wp\/v2\/tags?post=5697"}],"curies":[{"name":"wp","href":"https:\/\/api.w.org\/{rel}","templated":true}]}}