{"id":5704,"date":"2025-11-14T11:46:43","date_gmt":"2025-11-14T14:46:43","guid":{"rendered":"https:\/\/ccrc.org.br\/novo\/?p=5704"},"modified":"2025-11-14T11:46:48","modified_gmt":"2025-11-14T14:46:48","slug":"campeonato-paulista-infantil-de-verao","status":"publish","type":"post","link":"https:\/\/ccrc.org.br\/novo\/2025\/11\/14\/campeonato-paulista-infantil-de-verao\/","title":{"rendered":"Campeonato Paulista Infantil de Ver\u00e3o"},"content":{"rendered":"\n<p>Neste final de semana, dois atletas do CCRC participaram do Campeonato Paulista Infantil de Ver\u00e3o, ap\u00f3s conquistarem os \u00edndices nas etapas regionais!<\/p>\n\n\n\n<p>\u00c1lvaro e Leonardo n\u00e3o poderiam ter estreado melhor em um campeonato estadual.<br>Foram quatro provas nadadas por cada um e, al\u00e9m de cravarem seus melhores tempos, ganharam ainda mais experi\u00eancia, competindo ao lado dos melhores do estado de S\u00e3o Paulo.<\/p>\n\n\n\n<p>No pr\u00f3ximo final de semana tem mais, vem a\u00ed a Copa S\u00e3o Paulo de Vinculados, em Votuporanga! \ud83d\udcaa\ud83c\udfca\u200d\u2642\ufe0f<\/p>\n\n\n\n<p><\/p>\n","protected":false},"excerpt":{"rendered":"<p>Neste final de semana, dois atletas do CCRC participaram do Campeonato Paulista Infantil de Ver\u00e3o, ap\u00f3s conquistarem os \u00edndices nas etapas regionais! \u00c1lvaro e Leonardo n\u00e3o poderiam ter estreado melhor em um campeonato estadual.Foram quatro provas nadadas por cada um e, al\u00e9m de cravarem seus melhores tempos, ganharam ainda mais experi\u00eancia, competindo ao lado dos [&hellip;]<\/p>\n","protected":false},"author":1,"featured_media":5705,"comment_status":"open","ping_status":"open","sticky":false,"template":"","format":"standard","meta":{"_acf_changed":false,"footnotes":""},"categories":[39,38],"tags":[],"class_list":["post-5704","post","type-post","status-publish","format-standard","has-post-thumbnail","hentry","category-cbc","category-esportes"],"acf":[],"yoast_head":"<!-- This site is optimized with the Yoast SEO plugin v26.9 - https:\/\/yoast.com\/product\/yoast-seo-wordpress\/ -->\n<title>Campeonato Paulista Infantil de Ver\u00e3o - Clube de Campo de Rio Claro<\/title>\n<meta name=\"robots\" content=\"index, follow, max-snippet:-1, max-image-preview:large, max-video-preview:-1\" \/>\n<link rel=\"canonical\" href=\"https:\/\/ccrc.org.br\/novo\/2025\/11\/14\/campeonato-paulista-infantil-de-verao\/\" \/>\n<meta property=\"og:locale\" content=\"pt_BR\" \/>\n<meta property=\"og:type\" content=\"article\" \/>\n<meta property=\"og:title\" content=\"Campeonato Paulista Infantil de Ver\u00e3o - Clube de Campo de Rio Claro\" \/>\n<meta property=\"og:description\" content=\"Neste final de semana, dois atletas do CCRC participaram do Campeonato Paulista Infantil de Ver\u00e3o, ap\u00f3s conquistarem os \u00edndices nas etapas regionais! \u00c1lvaro e Leonardo n\u00e3o poderiam ter estreado melhor em um campeonato estadual.Foram quatro provas nadadas por cada um e, al\u00e9m de cravarem seus melhores tempos, ganharam ainda mais experi\u00eancia, competindo ao lado dos [&hellip;]\" \/>\n<meta property=\"og:url\" content=\"https:\/\/ccrc.org.br\/novo\/2025\/11\/14\/campeonato-paulista-infantil-de-verao\/\" \/>\n<meta property=\"og:site_name\" content=\"Clube de Campo de Rio Claro\" \/>\n<meta property=\"article:published_time\" content=\"2025-11-14T14:46:43+00:00\" \/>\n<meta property=\"article:modified_time\" content=\"2025-11-14T14:46:48+00:00\" \/>\n<meta property=\"og:image\" content=\"https:\/\/ccrc.org.br\/novo\/wp-content\/uploads\/2025\/11\/WhatsApp-Image-2025-11-14-at-09.52.15.jpeg\" \/>\n\t<meta property=\"og:image:width\" content=\"1200\" \/>\n\t<meta property=\"og:image:height\" content=\"1600\" \/>\n\t<meta property=\"og:image:type\" content=\"image\/jpeg\" \/>\n<meta name=\"author\" content=\"admin\" \/>\n<meta name=\"twitter:card\" content=\"summary_large_image\" \/>\n<meta name=\"twitter:label1\" content=\"Escrito por\" \/>\n\t<meta name=\"twitter:data1\" content=\"admin\" \/>\n\t<meta name=\"twitter:label2\" content=\"Est. tempo de leitura\" \/>\n\t<meta name=\"twitter:data2\" content=\"1 minuto\" \/>\n<script type=\"application\/ld+json\" class=\"yoast-schema-graph\">{\"@context\":\"https:\/\/schema.org\",\"@graph\":[{\"@type\":\"Article\",\"@id\":\"https:\/\/ccrc.org.br\/novo\/2025\/11\/14\/campeonato-paulista-infantil-de-verao\/#article\",\"isPartOf\":{\"@id\":\"https:\/\/ccrc.org.br\/novo\/2025\/11\/14\/campeonato-paulista-infantil-de-verao\/\"},\"author\":{\"name\":\"admin\",\"@id\":\"https:\/\/ccrc.org.br\/novo\/#\/schema\/person\/372910773046b636e9740af50fb5eb18\"},\"headline\":\"Campeonato Paulista Infantil de Ver\u00e3o\",\"datePublished\":\"2025-11-14T14:46:43+00:00\",\"dateModified\":\"2025-11-14T14:46:48+00:00\",\"mainEntityOfPage\":{\"@id\":\"https:\/\/ccrc.org.br\/novo\/2025\/11\/14\/campeonato-paulista-infantil-de-verao\/\"},\"wordCount\":93,\"commentCount\":0,\"publisher\":{\"@id\":\"https:\/\/ccrc.org.br\/novo\/#organization\"},\"image\":{\"@id\":\"https:\/\/ccrc.org.br\/novo\/2025\/11\/14\/campeonato-paulista-infantil-de-verao\/#primaryimage\"},\"thumbnailUrl\":\"https:\/\/ccrc.org.br\/novo\/wp-content\/uploads\/2025\/11\/WhatsApp-Image-2025-11-14-at-09.52.15.jpeg\",\"articleSection\":[\"CBC\",\"Esportes\"],\"inLanguage\":\"pt-BR\",\"potentialAction\":[{\"@type\":\"CommentAction\",\"name\":\"Comment\",\"target\":[\"https:\/\/ccrc.org.br\/novo\/2025\/11\/14\/campeonato-paulista-infantil-de-verao\/#respond\"]}]},{\"@type\":\"WebPage\",\"@id\":\"https:\/\/ccrc.org.br\/novo\/2025\/11\/14\/campeonato-paulista-infantil-de-verao\/\",\"url\":\"https:\/\/ccrc.org.br\/novo\/2025\/11\/14\/campeonato-paulista-infantil-de-verao\/\",\"name\":\"Campeonato Paulista Infantil de Ver\u00e3o - Clube de Campo de Rio Claro\",\"isPartOf\":{\"@id\":\"https:\/\/ccrc.org.br\/novo\/#website\"},\"primaryImageOfPage\":{\"@id\":\"https:\/\/ccrc.org.br\/novo\/2025\/11\/14\/campeonato-paulista-infantil-de-verao\/#primaryimage\"},\"image\":{\"@id\":\"https:\/\/ccrc.org.br\/novo\/2025\/11\/14\/campeonato-paulista-infantil-de-verao\/#primaryimage\"},\"thumbnailUrl\":\"https:\/\/ccrc.org.br\/novo\/wp-content\/uploads\/2025\/11\/WhatsApp-Image-2025-11-14-at-09.52.15.jpeg\",\"datePublished\":\"2025-11-14T14:46:43+00:00\",\"dateModified\":\"2025-11-14T14:46:48+00:00\",\"breadcrumb\":{\"@id\":\"https:\/\/ccrc.org.br\/novo\/2025\/11\/14\/campeonato-paulista-infantil-de-verao\/#breadcrumb\"},\"inLanguage\":\"pt-BR\",\"potentialAction\":[{\"@type\":\"ReadAction\",\"target\":[\"https:\/\/ccrc.org.br\/novo\/2025\/11\/14\/campeonato-paulista-infantil-de-verao\/\"]}]},{\"@type\":\"ImageObject\",\"inLanguage\":\"pt-BR\",\"@id\":\"https:\/\/ccrc.org.br\/novo\/2025\/11\/14\/campeonato-paulista-infantil-de-verao\/#primaryimage\",\"url\":\"https:\/\/ccrc.org.br\/novo\/wp-content\/uploads\/2025\/11\/WhatsApp-Image-2025-11-14-at-09.52.15.jpeg\",\"contentUrl\":\"https:\/\/ccrc.org.br\/novo\/wp-content\/uploads\/2025\/11\/WhatsApp-Image-2025-11-14-at-09.52.15.jpeg\",\"width\":1200,\"height\":1600},{\"@type\":\"BreadcrumbList\",\"@id\":\"https:\/\/ccrc.org.br\/novo\/2025\/11\/14\/campeonato-paulista-infantil-de-verao\/#breadcrumb\",\"itemListElement\":[{\"@type\":\"ListItem\",\"position\":1,\"name\":\"In\u00edcio\",\"item\":\"https:\/\/ccrc.org.br\/novo\/\"},{\"@type\":\"ListItem\",\"position\":2,\"name\":\"Campeonato Paulista Infantil de Ver\u00e3o\"}]},{\"@type\":\"WebSite\",\"@id\":\"https:\/\/ccrc.org.br\/novo\/#website\",\"url\":\"https:\/\/ccrc.org.br\/novo\/\",\"name\":\"Clube de Campo de Rio Claro\",\"description\":\"Clube de Campo de Rio Claro\",\"publisher\":{\"@id\":\"https:\/\/ccrc.org.br\/novo\/#organization\"},\"potentialAction\":[{\"@type\":\"SearchAction\",\"target\":{\"@type\":\"EntryPoint\",\"urlTemplate\":\"https:\/\/ccrc.org.br\/novo\/?s={search_term_string}\"},\"query-input\":{\"@type\":\"PropertyValueSpecification\",\"valueRequired\":true,\"valueName\":\"search_term_string\"}}],\"inLanguage\":\"pt-BR\"},{\"@type\":\"Organization\",\"@id\":\"https:\/\/ccrc.org.br\/novo\/#organization\",\"name\":\"Clube de Campo de Rio Claro\",\"url\":\"https:\/\/ccrc.org.br\/novo\/\",\"logo\":{\"@type\":\"ImageObject\",\"inLanguage\":\"pt-BR\",\"@id\":\"https:\/\/ccrc.org.br\/novo\/#\/schema\/logo\/image\/\",\"url\":\"https:\/\/ccrc.org.br\/novo\/wp-content\/uploads\/2024\/07\/CCRC-Logotipo-e1724350576690.png\",\"contentUrl\":\"https:\/\/ccrc.org.br\/novo\/wp-content\/uploads\/2024\/07\/CCRC-Logotipo-e1724350576690.png\",\"width\":512,\"height\":629,\"caption\":\"Clube de Campo de Rio Claro\"},\"image\":{\"@id\":\"https:\/\/ccrc.org.br\/novo\/#\/schema\/logo\/image\/\"}},{\"@type\":\"Person\",\"@id\":\"https:\/\/ccrc.org.br\/novo\/#\/schema\/person\/372910773046b636e9740af50fb5eb18\",\"name\":\"admin\",\"image\":{\"@type\":\"ImageObject\",\"inLanguage\":\"pt-BR\",\"@id\":\"https:\/\/ccrc.org.br\/novo\/#\/schema\/person\/image\/\",\"url\":\"https:\/\/secure.gravatar.com\/avatar\/718c24d324ad2c2388b8cc064a2f6c8377287102aecc257a563f468780849400?s=96&d=mm&r=g\",\"contentUrl\":\"https:\/\/secure.gravatar.com\/avatar\/718c24d324ad2c2388b8cc064a2f6c8377287102aecc257a563f468780849400?s=96&d=mm&r=g\",\"caption\":\"admin\"},\"sameAs\":[\"https:\/\/ccrc.org.br\/novo\"],\"url\":\"https:\/\/ccrc.org.br\/novo\/author\/admin\/\"}]}<\/script>\n<!-- \/ Yoast SEO plugin. -->","yoast_head_json":{"title":"Campeonato Paulista Infantil de Ver\u00e3o - Clube de Campo de Rio Claro","robots":{"index":"index","follow":"follow","max-snippet":"max-snippet:-1","max-image-preview":"max-image-preview:large","max-video-preview":"max-video-preview:-1"},"canonical":"https:\/\/ccrc.org.br\/novo\/2025\/11\/14\/campeonato-paulista-infantil-de-verao\/","og_locale":"pt_BR","og_type":"article","og_title":"Campeonato Paulista Infantil de Ver\u00e3o - Clube de Campo de Rio Claro","og_description":"Neste final de semana, dois atletas do CCRC participaram do Campeonato Paulista Infantil de Ver\u00e3o, ap\u00f3s conquistarem os \u00edndices nas etapas regionais! \u00c1lvaro e Leonardo n\u00e3o poderiam ter estreado melhor em um campeonato estadual.Foram quatro provas nadadas por cada um e, al\u00e9m de cravarem seus melhores tempos, ganharam ainda mais experi\u00eancia, competindo ao lado dos [&hellip;]","og_url":"https:\/\/ccrc.org.br\/novo\/2025\/11\/14\/campeonato-paulista-infantil-de-verao\/","og_site_name":"Clube de Campo de Rio Claro","article_published_time":"2025-11-14T14:46:43+00:00","article_modified_time":"2025-11-14T14:46:48+00:00","og_image":[{"width":1200,"height":1600,"url":"https:\/\/ccrc.org.br\/novo\/wp-content\/uploads\/2025\/11\/WhatsApp-Image-2025-11-14-at-09.52.15.jpeg","type":"image\/jpeg"}],"author":"admin","twitter_card":"summary_large_image","twitter_misc":{"Escrito por":"admin","Est. tempo de leitura":"1 minuto"},"schema":{"@context":"https:\/\/schema.org","@graph":[{"@type":"Article","@id":"https:\/\/ccrc.org.br\/novo\/2025\/11\/14\/campeonato-paulista-infantil-de-verao\/#article","isPartOf":{"@id":"https:\/\/ccrc.org.br\/novo\/2025\/11\/14\/campeonato-paulista-infantil-de-verao\/"},"author":{"name":"admin","@id":"https:\/\/ccrc.org.br\/novo\/#\/schema\/person\/372910773046b636e9740af50fb5eb18"},"headline":"Campeonato Paulista Infantil de Ver\u00e3o","datePublished":"2025-11-14T14:46:43+00:00","dateModified":"2025-11-14T14:46:48+00:00","mainEntityOfPage":{"@id":"https:\/\/ccrc.org.br\/novo\/2025\/11\/14\/campeonato-paulista-infantil-de-verao\/"},"wordCount":93,"commentCount":0,"publisher":{"@id":"https:\/\/ccrc.org.br\/novo\/#organization"},"image":{"@id":"https:\/\/ccrc.org.br\/novo\/2025\/11\/14\/campeonato-paulista-infantil-de-verao\/#primaryimage"},"thumbnailUrl":"https:\/\/ccrc.org.br\/novo\/wp-content\/uploads\/2025\/11\/WhatsApp-Image-2025-11-14-at-09.52.15.jpeg","articleSection":["CBC","Esportes"],"inLanguage":"pt-BR","potentialAction":[{"@type":"CommentAction","name":"Comment","target":["https:\/\/ccrc.org.br\/novo\/2025\/11\/14\/campeonato-paulista-infantil-de-verao\/#respond"]}]},{"@type":"WebPage","@id":"https:\/\/ccrc.org.br\/novo\/2025\/11\/14\/campeonato-paulista-infantil-de-verao\/","url":"https:\/\/ccrc.org.br\/novo\/2025\/11\/14\/campeonato-paulista-infantil-de-verao\/","name":"Campeonato Paulista Infantil de Ver\u00e3o - Clube de Campo de Rio Claro","isPartOf":{"@id":"https:\/\/ccrc.org.br\/novo\/#website"},"primaryImageOfPage":{"@id":"https:\/\/ccrc.org.br\/novo\/2025\/11\/14\/campeonato-paulista-infantil-de-verao\/#primaryimage"},"image":{"@id":"https:\/\/ccrc.org.br\/novo\/2025\/11\/14\/campeonato-paulista-infantil-de-verao\/#primaryimage"},"thumbnailUrl":"https:\/\/ccrc.org.br\/novo\/wp-content\/uploads\/2025\/11\/WhatsApp-Image-2025-11-14-at-09.52.15.jpeg","datePublished":"2025-11-14T14:46:43+00:00","dateModified":"2025-11-14T14:46:48+00:00","breadcrumb":{"@id":"https:\/\/ccrc.org.br\/novo\/2025\/11\/14\/campeonato-paulista-infantil-de-verao\/#breadcrumb"},"inLanguage":"pt-BR","potentialAction":[{"@type":"ReadAction","target":["https:\/\/ccrc.org.br\/novo\/2025\/11\/14\/campeonato-paulista-infantil-de-verao\/"]}]},{"@type":"ImageObject","inLanguage":"pt-BR","@id":"https:\/\/ccrc.org.br\/novo\/2025\/11\/14\/campeonato-paulista-infantil-de-verao\/#primaryimage","url":"https:\/\/ccrc.org.br\/novo\/wp-content\/uploads\/2025\/11\/WhatsApp-Image-2025-11-14-at-09.52.15.jpeg","contentUrl":"https:\/\/ccrc.org.br\/novo\/wp-content\/uploads\/2025\/11\/WhatsApp-Image-2025-11-14-at-09.52.15.jpeg","width":1200,"height":1600},{"@type":"BreadcrumbList","@id":"https:\/\/ccrc.org.br\/novo\/2025\/11\/14\/campeonato-paulista-infantil-de-verao\/#breadcrumb","itemListElement":[{"@type":"ListItem","position":1,"name":"In\u00edcio","item":"https:\/\/ccrc.org.br\/novo\/"},{"@type":"ListItem","position":2,"name":"Campeonato Paulista Infantil de Ver\u00e3o"}]},{"@type":"WebSite","@id":"https:\/\/ccrc.org.br\/novo\/#website","url":"https:\/\/ccrc.org.br\/novo\/","name":"Clube de Campo de Rio Claro","description":"Clube de Campo de Rio Claro","publisher":{"@id":"https:\/\/ccrc.org.br\/novo\/#organization"},"potentialAction":[{"@type":"SearchAction","target":{"@type":"EntryPoint","urlTemplate":"https:\/\/ccrc.org.br\/novo\/?s={search_term_string}"},"query-input":{"@type":"PropertyValueSpecification","valueRequired":true,"valueName":"search_term_string"}}],"inLanguage":"pt-BR"},{"@type":"Organization","@id":"https:\/\/ccrc.org.br\/novo\/#organization","name":"Clube de Campo de Rio Claro","url":"https:\/\/ccrc.org.br\/novo\/","logo":{"@type":"ImageObject","inLanguage":"pt-BR","@id":"https:\/\/ccrc.org.br\/novo\/#\/schema\/logo\/image\/","url":"https:\/\/ccrc.org.br\/novo\/wp-content\/uploads\/2024\/07\/CCRC-Logotipo-e1724350576690.png","contentUrl":"https:\/\/ccrc.org.br\/novo\/wp-content\/uploads\/2024\/07\/CCRC-Logotipo-e1724350576690.png","width":512,"height":629,"caption":"Clube de Campo de Rio Claro"},"image":{"@id":"https:\/\/ccrc.org.br\/novo\/#\/schema\/logo\/image\/"}},{"@type":"Person","@id":"https:\/\/ccrc.org.br\/novo\/#\/schema\/person\/372910773046b636e9740af50fb5eb18","name":"admin","image":{"@type":"ImageObject","inLanguage":"pt-BR","@id":"https:\/\/ccrc.org.br\/novo\/#\/schema\/person\/image\/","url":"https:\/\/secure.gravatar.com\/avatar\/718c24d324ad2c2388b8cc064a2f6c8377287102aecc257a563f468780849400?s=96&d=mm&r=g","contentUrl":"https:\/\/secure.gravatar.com\/avatar\/718c24d324ad2c2388b8cc064a2f6c8377287102aecc257a563f468780849400?s=96&d=mm&r=g","caption":"admin"},"sameAs":["https:\/\/ccrc.org.br\/novo"],"url":"https:\/\/ccrc.org.br\/novo\/author\/admin\/"}]}},"_links":{"self":[{"href":"https:\/\/ccrc.org.br\/novo\/wp-json\/wp\/v2\/posts\/5704","targetHints":{"allow":["GET"]}}],"collection":[{"href":"https:\/\/ccrc.org.br\/novo\/wp-json\/wp\/v2\/posts"}],"about":[{"href":"https:\/\/ccrc.org.br\/novo\/wp-json\/wp\/v2\/types\/post"}],"author":[{"embeddable":true,"href":"https:\/\/ccrc.org.br\/novo\/wp-json\/wp\/v2\/users\/1"}],"replies":[{"embeddable":true,"href":"https:\/\/ccrc.org.br\/novo\/wp-json\/wp\/v2\/comments?post=5704"}],"version-history":[{"count":1,"href":"https:\/\/ccrc.org.br\/novo\/wp-json\/wp\/v2\/posts\/5704\/revisions"}],"predecessor-version":[{"id":5706,"href":"https:\/\/ccrc.org.br\/novo\/wp-json\/wp\/v2\/posts\/5704\/revisions\/5706"}],"wp:featuredmedia":[{"embeddable":true,"href":"https:\/\/ccrc.org.br\/novo\/wp-json\/wp\/v2\/media\/5705"}],"wp:attachment":[{"href":"https:\/\/ccrc.org.br\/novo\/wp-json\/wp\/v2\/media?parent=5704"}],"wp:term":[{"taxonomy":"category","embeddable":true,"href":"https:\/\/ccrc.org.br\/novo\/wp-json\/wp\/v2\/categories?post=5704"},{"taxonomy":"post_tag","embeddable":true,"href":"https:\/\/ccrc.org.br\/novo\/wp-json\/wp\/v2\/tags?post=5704"}],"curies":[{"name":"wp","href":"https:\/\/api.w.org\/{rel}","templated":true}]}}