{"id":5711,"date":"2025-11-18T09:30:58","date_gmt":"2025-11-18T12:30:58","guid":{"rendered":"https:\/\/ccrc.org.br\/novo\/?p=5711"},"modified":"2025-11-18T09:31:08","modified_gmt":"2025-11-18T12:31:08","slug":"copa-sao-paulo-de-vinculados-da-fap","status":"publish","type":"post","link":"https:\/\/ccrc.org.br\/novo\/2025\/11\/18\/copa-sao-paulo-de-vinculados-da-fap\/","title":{"rendered":"Copa S\u00e3o Paulo de Vinculados da FAP"},"content":{"rendered":"\n<p>Os atletas do CCRC participaram de tr\u00eas dias incr\u00edveis de provas na Super Copa S\u00e3o Paulo de Vinculados da FAP, realizada neste \u00faltimo final de semana, em Votuporanga\u2013SP.<\/p>\n\n\n\n<p>O time CCRC volta para casa com a sensa\u00e7\u00e3o de dever cumprido ap\u00f3s conquistar:<br>\ud83e\udd47 3 medalhas de ouro<br>\ud83e\udd48 3 de prata<br>\ud83e\udd49 3 de bronze<br>al\u00e9m de muitas melhores marcas pessoais!<\/p>\n\n\n\n<p>Finalizamos a competi\u00e7\u00e3o estadual na 14\u00aa coloca\u00e7\u00e3o entre as 43 equipes participantes.<\/p>\n\n\n\n<p>Foi tamb\u00e9m a primeira experi\u00eancia de muitos atletas mais jovens dormindo em alojamento, acompanhados pelos t\u00e9cnicos Carla e Gabriel.<\/p>\n\n\n\n<p>Parab\u00e9ns aos atletas e \u00e0 equipe t\u00e9cnica!<\/p>\n\n\n\n<p><\/p>\n","protected":false},"excerpt":{"rendered":"<p>Os atletas do CCRC participaram de tr\u00eas dias incr\u00edveis de provas na Super Copa S\u00e3o Paulo de Vinculados da FAP, realizada neste \u00faltimo final de semana, em Votuporanga\u2013SP. O time CCRC volta para casa com a sensa\u00e7\u00e3o de dever cumprido ap\u00f3s conquistar:\ud83e\udd47 3 medalhas de ouro\ud83e\udd48 3 de prata\ud83e\udd49 3 de bronzeal\u00e9m de muitas melhores [&hellip;]<\/p>\n","protected":false},"author":1,"featured_media":5712,"comment_status":"open","ping_status":"open","sticky":false,"template":"","format":"standard","meta":{"_acf_changed":false,"footnotes":""},"categories":[39,38],"tags":[],"class_list":["post-5711","post","type-post","status-publish","format-standard","has-post-thumbnail","hentry","category-cbc","category-esportes"],"acf":[],"yoast_head":"<!-- This site is optimized with the Yoast SEO plugin v26.9 - https:\/\/yoast.com\/product\/yoast-seo-wordpress\/ -->\n<title>Copa S\u00e3o Paulo de Vinculados da FAP - Clube de Campo de Rio Claro<\/title>\n<meta name=\"robots\" content=\"index, follow, max-snippet:-1, max-image-preview:large, max-video-preview:-1\" \/>\n<link rel=\"canonical\" href=\"https:\/\/ccrc.org.br\/novo\/2025\/11\/18\/copa-sao-paulo-de-vinculados-da-fap\/\" \/>\n<meta property=\"og:locale\" content=\"pt_BR\" \/>\n<meta property=\"og:type\" content=\"article\" \/>\n<meta property=\"og:title\" content=\"Copa S\u00e3o Paulo de Vinculados da FAP - Clube de Campo de Rio Claro\" \/>\n<meta property=\"og:description\" content=\"Os atletas do CCRC participaram de tr\u00eas dias incr\u00edveis de provas na Super Copa S\u00e3o Paulo de Vinculados da FAP, realizada neste \u00faltimo final de semana, em Votuporanga\u2013SP. O time CCRC volta para casa com a sensa\u00e7\u00e3o de dever cumprido ap\u00f3s conquistar:\ud83e\udd47 3 medalhas de ouro\ud83e\udd48 3 de prata\ud83e\udd49 3 de bronzeal\u00e9m de muitas melhores [&hellip;]\" \/>\n<meta property=\"og:url\" content=\"https:\/\/ccrc.org.br\/novo\/2025\/11\/18\/copa-sao-paulo-de-vinculados-da-fap\/\" \/>\n<meta property=\"og:site_name\" content=\"Clube de Campo de Rio Claro\" \/>\n<meta property=\"article:published_time\" content=\"2025-11-18T12:30:58+00:00\" \/>\n<meta property=\"article:modified_time\" content=\"2025-11-18T12:31:08+00:00\" \/>\n<meta property=\"og:image\" content=\"https:\/\/ccrc.org.br\/novo\/wp-content\/uploads\/2025\/11\/WhatsApp-Image-2025-11-17-at-13.52.20-1.jpeg\" \/>\n\t<meta property=\"og:image:width\" content=\"960\" \/>\n\t<meta property=\"og:image:height\" content=\"1280\" \/>\n\t<meta property=\"og:image:type\" content=\"image\/jpeg\" \/>\n<meta name=\"author\" content=\"admin\" \/>\n<meta name=\"twitter:card\" content=\"summary_large_image\" \/>\n<meta name=\"twitter:label1\" content=\"Escrito por\" \/>\n\t<meta name=\"twitter:data1\" content=\"admin\" \/>\n\t<meta name=\"twitter:label2\" content=\"Est. tempo de leitura\" \/>\n\t<meta name=\"twitter:data2\" content=\"1 minuto\" \/>\n<script type=\"application\/ld+json\" class=\"yoast-schema-graph\">{\"@context\":\"https:\/\/schema.org\",\"@graph\":[{\"@type\":\"Article\",\"@id\":\"https:\/\/ccrc.org.br\/novo\/2025\/11\/18\/copa-sao-paulo-de-vinculados-da-fap\/#article\",\"isPartOf\":{\"@id\":\"https:\/\/ccrc.org.br\/novo\/2025\/11\/18\/copa-sao-paulo-de-vinculados-da-fap\/\"},\"author\":{\"name\":\"admin\",\"@id\":\"https:\/\/ccrc.org.br\/novo\/#\/schema\/person\/372910773046b636e9740af50fb5eb18\"},\"headline\":\"Copa S\u00e3o Paulo de Vinculados da FAP\",\"datePublished\":\"2025-11-18T12:30:58+00:00\",\"dateModified\":\"2025-11-18T12:31:08+00:00\",\"mainEntityOfPage\":{\"@id\":\"https:\/\/ccrc.org.br\/novo\/2025\/11\/18\/copa-sao-paulo-de-vinculados-da-fap\/\"},\"wordCount\":111,\"commentCount\":0,\"publisher\":{\"@id\":\"https:\/\/ccrc.org.br\/novo\/#organization\"},\"image\":{\"@id\":\"https:\/\/ccrc.org.br\/novo\/2025\/11\/18\/copa-sao-paulo-de-vinculados-da-fap\/#primaryimage\"},\"thumbnailUrl\":\"https:\/\/ccrc.org.br\/novo\/wp-content\/uploads\/2025\/11\/WhatsApp-Image-2025-11-17-at-13.52.20-1.jpeg\",\"articleSection\":[\"CBC\",\"Esportes\"],\"inLanguage\":\"pt-BR\",\"potentialAction\":[{\"@type\":\"CommentAction\",\"name\":\"Comment\",\"target\":[\"https:\/\/ccrc.org.br\/novo\/2025\/11\/18\/copa-sao-paulo-de-vinculados-da-fap\/#respond\"]}]},{\"@type\":\"WebPage\",\"@id\":\"https:\/\/ccrc.org.br\/novo\/2025\/11\/18\/copa-sao-paulo-de-vinculados-da-fap\/\",\"url\":\"https:\/\/ccrc.org.br\/novo\/2025\/11\/18\/copa-sao-paulo-de-vinculados-da-fap\/\",\"name\":\"Copa S\u00e3o Paulo de Vinculados da FAP - Clube de Campo de Rio Claro\",\"isPartOf\":{\"@id\":\"https:\/\/ccrc.org.br\/novo\/#website\"},\"primaryImageOfPage\":{\"@id\":\"https:\/\/ccrc.org.br\/novo\/2025\/11\/18\/copa-sao-paulo-de-vinculados-da-fap\/#primaryimage\"},\"image\":{\"@id\":\"https:\/\/ccrc.org.br\/novo\/2025\/11\/18\/copa-sao-paulo-de-vinculados-da-fap\/#primaryimage\"},\"thumbnailUrl\":\"https:\/\/ccrc.org.br\/novo\/wp-content\/uploads\/2025\/11\/WhatsApp-Image-2025-11-17-at-13.52.20-1.jpeg\",\"datePublished\":\"2025-11-18T12:30:58+00:00\",\"dateModified\":\"2025-11-18T12:31:08+00:00\",\"breadcrumb\":{\"@id\":\"https:\/\/ccrc.org.br\/novo\/2025\/11\/18\/copa-sao-paulo-de-vinculados-da-fap\/#breadcrumb\"},\"inLanguage\":\"pt-BR\",\"potentialAction\":[{\"@type\":\"ReadAction\",\"target\":[\"https:\/\/ccrc.org.br\/novo\/2025\/11\/18\/copa-sao-paulo-de-vinculados-da-fap\/\"]}]},{\"@type\":\"ImageObject\",\"inLanguage\":\"pt-BR\",\"@id\":\"https:\/\/ccrc.org.br\/novo\/2025\/11\/18\/copa-sao-paulo-de-vinculados-da-fap\/#primaryimage\",\"url\":\"https:\/\/ccrc.org.br\/novo\/wp-content\/uploads\/2025\/11\/WhatsApp-Image-2025-11-17-at-13.52.20-1.jpeg\",\"contentUrl\":\"https:\/\/ccrc.org.br\/novo\/wp-content\/uploads\/2025\/11\/WhatsApp-Image-2025-11-17-at-13.52.20-1.jpeg\",\"width\":960,\"height\":1280},{\"@type\":\"BreadcrumbList\",\"@id\":\"https:\/\/ccrc.org.br\/novo\/2025\/11\/18\/copa-sao-paulo-de-vinculados-da-fap\/#breadcrumb\",\"itemListElement\":[{\"@type\":\"ListItem\",\"position\":1,\"name\":\"In\u00edcio\",\"item\":\"https:\/\/ccrc.org.br\/novo\/\"},{\"@type\":\"ListItem\",\"position\":2,\"name\":\"Copa S\u00e3o Paulo de Vinculados da FAP\"}]},{\"@type\":\"WebSite\",\"@id\":\"https:\/\/ccrc.org.br\/novo\/#website\",\"url\":\"https:\/\/ccrc.org.br\/novo\/\",\"name\":\"Clube de Campo de Rio Claro\",\"description\":\"Clube de Campo de Rio Claro\",\"publisher\":{\"@id\":\"https:\/\/ccrc.org.br\/novo\/#organization\"},\"potentialAction\":[{\"@type\":\"SearchAction\",\"target\":{\"@type\":\"EntryPoint\",\"urlTemplate\":\"https:\/\/ccrc.org.br\/novo\/?s={search_term_string}\"},\"query-input\":{\"@type\":\"PropertyValueSpecification\",\"valueRequired\":true,\"valueName\":\"search_term_string\"}}],\"inLanguage\":\"pt-BR\"},{\"@type\":\"Organization\",\"@id\":\"https:\/\/ccrc.org.br\/novo\/#organization\",\"name\":\"Clube de Campo de Rio Claro\",\"url\":\"https:\/\/ccrc.org.br\/novo\/\",\"logo\":{\"@type\":\"ImageObject\",\"inLanguage\":\"pt-BR\",\"@id\":\"https:\/\/ccrc.org.br\/novo\/#\/schema\/logo\/image\/\",\"url\":\"https:\/\/ccrc.org.br\/novo\/wp-content\/uploads\/2024\/07\/CCRC-Logotipo-e1724350576690.png\",\"contentUrl\":\"https:\/\/ccrc.org.br\/novo\/wp-content\/uploads\/2024\/07\/CCRC-Logotipo-e1724350576690.png\",\"width\":512,\"height\":629,\"caption\":\"Clube de Campo de Rio Claro\"},\"image\":{\"@id\":\"https:\/\/ccrc.org.br\/novo\/#\/schema\/logo\/image\/\"}},{\"@type\":\"Person\",\"@id\":\"https:\/\/ccrc.org.br\/novo\/#\/schema\/person\/372910773046b636e9740af50fb5eb18\",\"name\":\"admin\",\"image\":{\"@type\":\"ImageObject\",\"inLanguage\":\"pt-BR\",\"@id\":\"https:\/\/ccrc.org.br\/novo\/#\/schema\/person\/image\/\",\"url\":\"https:\/\/secure.gravatar.com\/avatar\/718c24d324ad2c2388b8cc064a2f6c8377287102aecc257a563f468780849400?s=96&d=mm&r=g\",\"contentUrl\":\"https:\/\/secure.gravatar.com\/avatar\/718c24d324ad2c2388b8cc064a2f6c8377287102aecc257a563f468780849400?s=96&d=mm&r=g\",\"caption\":\"admin\"},\"sameAs\":[\"https:\/\/ccrc.org.br\/novo\"],\"url\":\"https:\/\/ccrc.org.br\/novo\/author\/admin\/\"}]}<\/script>\n<!-- \/ Yoast SEO plugin. -->","yoast_head_json":{"title":"Copa S\u00e3o Paulo de Vinculados da FAP - Clube de Campo de Rio Claro","robots":{"index":"index","follow":"follow","max-snippet":"max-snippet:-1","max-image-preview":"max-image-preview:large","max-video-preview":"max-video-preview:-1"},"canonical":"https:\/\/ccrc.org.br\/novo\/2025\/11\/18\/copa-sao-paulo-de-vinculados-da-fap\/","og_locale":"pt_BR","og_type":"article","og_title":"Copa S\u00e3o Paulo de Vinculados da FAP - Clube de Campo de Rio Claro","og_description":"Os atletas do CCRC participaram de tr\u00eas dias incr\u00edveis de provas na Super Copa S\u00e3o Paulo de Vinculados da FAP, realizada neste \u00faltimo final de semana, em Votuporanga\u2013SP. O time CCRC volta para casa com a sensa\u00e7\u00e3o de dever cumprido ap\u00f3s conquistar:\ud83e\udd47 3 medalhas de ouro\ud83e\udd48 3 de prata\ud83e\udd49 3 de bronzeal\u00e9m de muitas melhores [&hellip;]","og_url":"https:\/\/ccrc.org.br\/novo\/2025\/11\/18\/copa-sao-paulo-de-vinculados-da-fap\/","og_site_name":"Clube de Campo de Rio Claro","article_published_time":"2025-11-18T12:30:58+00:00","article_modified_time":"2025-11-18T12:31:08+00:00","og_image":[{"width":960,"height":1280,"url":"https:\/\/ccrc.org.br\/novo\/wp-content\/uploads\/2025\/11\/WhatsApp-Image-2025-11-17-at-13.52.20-1.jpeg","type":"image\/jpeg"}],"author":"admin","twitter_card":"summary_large_image","twitter_misc":{"Escrito por":"admin","Est. tempo de leitura":"1 minuto"},"schema":{"@context":"https:\/\/schema.org","@graph":[{"@type":"Article","@id":"https:\/\/ccrc.org.br\/novo\/2025\/11\/18\/copa-sao-paulo-de-vinculados-da-fap\/#article","isPartOf":{"@id":"https:\/\/ccrc.org.br\/novo\/2025\/11\/18\/copa-sao-paulo-de-vinculados-da-fap\/"},"author":{"name":"admin","@id":"https:\/\/ccrc.org.br\/novo\/#\/schema\/person\/372910773046b636e9740af50fb5eb18"},"headline":"Copa S\u00e3o Paulo de Vinculados da FAP","datePublished":"2025-11-18T12:30:58+00:00","dateModified":"2025-11-18T12:31:08+00:00","mainEntityOfPage":{"@id":"https:\/\/ccrc.org.br\/novo\/2025\/11\/18\/copa-sao-paulo-de-vinculados-da-fap\/"},"wordCount":111,"commentCount":0,"publisher":{"@id":"https:\/\/ccrc.org.br\/novo\/#organization"},"image":{"@id":"https:\/\/ccrc.org.br\/novo\/2025\/11\/18\/copa-sao-paulo-de-vinculados-da-fap\/#primaryimage"},"thumbnailUrl":"https:\/\/ccrc.org.br\/novo\/wp-content\/uploads\/2025\/11\/WhatsApp-Image-2025-11-17-at-13.52.20-1.jpeg","articleSection":["CBC","Esportes"],"inLanguage":"pt-BR","potentialAction":[{"@type":"CommentAction","name":"Comment","target":["https:\/\/ccrc.org.br\/novo\/2025\/11\/18\/copa-sao-paulo-de-vinculados-da-fap\/#respond"]}]},{"@type":"WebPage","@id":"https:\/\/ccrc.org.br\/novo\/2025\/11\/18\/copa-sao-paulo-de-vinculados-da-fap\/","url":"https:\/\/ccrc.org.br\/novo\/2025\/11\/18\/copa-sao-paulo-de-vinculados-da-fap\/","name":"Copa S\u00e3o Paulo de Vinculados da FAP - Clube de Campo de Rio Claro","isPartOf":{"@id":"https:\/\/ccrc.org.br\/novo\/#website"},"primaryImageOfPage":{"@id":"https:\/\/ccrc.org.br\/novo\/2025\/11\/18\/copa-sao-paulo-de-vinculados-da-fap\/#primaryimage"},"image":{"@id":"https:\/\/ccrc.org.br\/novo\/2025\/11\/18\/copa-sao-paulo-de-vinculados-da-fap\/#primaryimage"},"thumbnailUrl":"https:\/\/ccrc.org.br\/novo\/wp-content\/uploads\/2025\/11\/WhatsApp-Image-2025-11-17-at-13.52.20-1.jpeg","datePublished":"2025-11-18T12:30:58+00:00","dateModified":"2025-11-18T12:31:08+00:00","breadcrumb":{"@id":"https:\/\/ccrc.org.br\/novo\/2025\/11\/18\/copa-sao-paulo-de-vinculados-da-fap\/#breadcrumb"},"inLanguage":"pt-BR","potentialAction":[{"@type":"ReadAction","target":["https:\/\/ccrc.org.br\/novo\/2025\/11\/18\/copa-sao-paulo-de-vinculados-da-fap\/"]}]},{"@type":"ImageObject","inLanguage":"pt-BR","@id":"https:\/\/ccrc.org.br\/novo\/2025\/11\/18\/copa-sao-paulo-de-vinculados-da-fap\/#primaryimage","url":"https:\/\/ccrc.org.br\/novo\/wp-content\/uploads\/2025\/11\/WhatsApp-Image-2025-11-17-at-13.52.20-1.jpeg","contentUrl":"https:\/\/ccrc.org.br\/novo\/wp-content\/uploads\/2025\/11\/WhatsApp-Image-2025-11-17-at-13.52.20-1.jpeg","width":960,"height":1280},{"@type":"BreadcrumbList","@id":"https:\/\/ccrc.org.br\/novo\/2025\/11\/18\/copa-sao-paulo-de-vinculados-da-fap\/#breadcrumb","itemListElement":[{"@type":"ListItem","position":1,"name":"In\u00edcio","item":"https:\/\/ccrc.org.br\/novo\/"},{"@type":"ListItem","position":2,"name":"Copa S\u00e3o Paulo de Vinculados da FAP"}]},{"@type":"WebSite","@id":"https:\/\/ccrc.org.br\/novo\/#website","url":"https:\/\/ccrc.org.br\/novo\/","name":"Clube de Campo de Rio Claro","description":"Clube de Campo de Rio Claro","publisher":{"@id":"https:\/\/ccrc.org.br\/novo\/#organization"},"potentialAction":[{"@type":"SearchAction","target":{"@type":"EntryPoint","urlTemplate":"https:\/\/ccrc.org.br\/novo\/?s={search_term_string}"},"query-input":{"@type":"PropertyValueSpecification","valueRequired":true,"valueName":"search_term_string"}}],"inLanguage":"pt-BR"},{"@type":"Organization","@id":"https:\/\/ccrc.org.br\/novo\/#organization","name":"Clube de Campo de Rio Claro","url":"https:\/\/ccrc.org.br\/novo\/","logo":{"@type":"ImageObject","inLanguage":"pt-BR","@id":"https:\/\/ccrc.org.br\/novo\/#\/schema\/logo\/image\/","url":"https:\/\/ccrc.org.br\/novo\/wp-content\/uploads\/2024\/07\/CCRC-Logotipo-e1724350576690.png","contentUrl":"https:\/\/ccrc.org.br\/novo\/wp-content\/uploads\/2024\/07\/CCRC-Logotipo-e1724350576690.png","width":512,"height":629,"caption":"Clube de Campo de Rio Claro"},"image":{"@id":"https:\/\/ccrc.org.br\/novo\/#\/schema\/logo\/image\/"}},{"@type":"Person","@id":"https:\/\/ccrc.org.br\/novo\/#\/schema\/person\/372910773046b636e9740af50fb5eb18","name":"admin","image":{"@type":"ImageObject","inLanguage":"pt-BR","@id":"https:\/\/ccrc.org.br\/novo\/#\/schema\/person\/image\/","url":"https:\/\/secure.gravatar.com\/avatar\/718c24d324ad2c2388b8cc064a2f6c8377287102aecc257a563f468780849400?s=96&d=mm&r=g","contentUrl":"https:\/\/secure.gravatar.com\/avatar\/718c24d324ad2c2388b8cc064a2f6c8377287102aecc257a563f468780849400?s=96&d=mm&r=g","caption":"admin"},"sameAs":["https:\/\/ccrc.org.br\/novo"],"url":"https:\/\/ccrc.org.br\/novo\/author\/admin\/"}]}},"_links":{"self":[{"href":"https:\/\/ccrc.org.br\/novo\/wp-json\/wp\/v2\/posts\/5711","targetHints":{"allow":["GET"]}}],"collection":[{"href":"https:\/\/ccrc.org.br\/novo\/wp-json\/wp\/v2\/posts"}],"about":[{"href":"https:\/\/ccrc.org.br\/novo\/wp-json\/wp\/v2\/types\/post"}],"author":[{"embeddable":true,"href":"https:\/\/ccrc.org.br\/novo\/wp-json\/wp\/v2\/users\/1"}],"replies":[{"embeddable":true,"href":"https:\/\/ccrc.org.br\/novo\/wp-json\/wp\/v2\/comments?post=5711"}],"version-history":[{"count":1,"href":"https:\/\/ccrc.org.br\/novo\/wp-json\/wp\/v2\/posts\/5711\/revisions"}],"predecessor-version":[{"id":5713,"href":"https:\/\/ccrc.org.br\/novo\/wp-json\/wp\/v2\/posts\/5711\/revisions\/5713"}],"wp:featuredmedia":[{"embeddable":true,"href":"https:\/\/ccrc.org.br\/novo\/wp-json\/wp\/v2\/media\/5712"}],"wp:attachment":[{"href":"https:\/\/ccrc.org.br\/novo\/wp-json\/wp\/v2\/media?parent=5711"}],"wp:term":[{"taxonomy":"category","embeddable":true,"href":"https:\/\/ccrc.org.br\/novo\/wp-json\/wp\/v2\/categories?post=5711"},{"taxonomy":"post_tag","embeddable":true,"href":"https:\/\/ccrc.org.br\/novo\/wp-json\/wp\/v2\/tags?post=5711"}],"curies":[{"name":"wp","href":"https:\/\/api.w.org\/{rel}","templated":true}]}}