{"id":5720,"date":"2025-11-19T11:20:01","date_gmt":"2025-11-19T14:20:01","guid":{"rendered":"https:\/\/ccrc.org.br\/novo\/?p=5720"},"modified":"2025-11-19T11:20:07","modified_gmt":"2025-11-19T14:20:07","slug":"atletas-do-clube-de-campo-de-rio-claro-no-grand-american-2025","status":"publish","type":"post","link":"https:\/\/ccrc.org.br\/novo\/2025\/11\/19\/atletas-do-clube-de-campo-de-rio-claro-no-grand-american-2025\/","title":{"rendered":"Atletas do Clube de Campo de Rio Claro no Grand American 2025!"},"content":{"rendered":"\n<p>O Departamento de Tiro do Clube de Campo de Rio Claro est\u00e1 pronto para marcar presen\u00e7a em mais um grande desafio internacional. De 30 de julho a 10 de agosto de 2025, nossos atletas estar\u00e3o competindo no Grand American World Trapshooting Championships, o maior evento de tiro ao prato do mundo, realizado nos Estados Unidos.<\/p>\n\n\n\n<p>Representar\u00e3o nossa delega\u00e7\u00e3o os atletas:<br>Leonardo Bortolotti, Tonh\u00e3o Belchior, Yan Belchior, Homero Piva, Luiz Pirani, Wagner Vaz, Jefferson Vaz, Harlei, Robson Deschamps, Lincoln Deschamps, Jo\u00e3o Dutra, Jo\u00e3o Saulo e Everson.<\/p>\n\n\n\n<p>O Departamento de Tiro vem se preparando intensamente para esta competi\u00e7\u00e3o, refor\u00e7ando o compromisso com a excel\u00eancia esportiva. A cada ano, atletas brasileiros se destacam no Grand American, levando n\u00e3o apenas talento e t\u00e9cnica, mas tamb\u00e9m a garra e o orgulho de representar o Brasil nas pedanas internacionais.<\/p>\n\n\n\n<p>Esta participa\u00e7\u00e3o \u00e9 um marco importante que reflete o crescimento e a for\u00e7a do tiro esportivo no nosso pa\u00eds.<\/p>\n\n\n\n<p>Acompanhe essa jornada e tor\u00e7a com a gente por mais uma participa\u00e7\u00e3o hist\u00f3rica da delega\u00e7\u00e3o brasileira nos Estados Unidos!<\/p>\n","protected":false},"excerpt":{"rendered":"<p>O Departamento de Tiro do Clube de Campo de Rio Claro est\u00e1 pronto para marcar presen\u00e7a em mais um grande desafio internacional. De 30 de julho a 10 de agosto de 2025, nossos atletas estar\u00e3o competindo no Grand American World Trapshooting Championships, o maior evento de tiro ao prato do mundo, realizado nos Estados Unidos. [&hellip;]<\/p>\n","protected":false},"author":1,"featured_media":5721,"comment_status":"open","ping_status":"open","sticky":false,"template":"","format":"standard","meta":{"_acf_changed":false,"footnotes":""},"categories":[34],"tags":[],"class_list":["post-5720","post","type-post","status-publish","format-standard","has-post-thumbnail","hentry","category-noticias"],"acf":[],"yoast_head":"<!-- This site is optimized with the Yoast SEO plugin v26.9 - https:\/\/yoast.com\/product\/yoast-seo-wordpress\/ -->\n<title>Atletas do Clube de Campo de Rio Claro no Grand American 2025! - Clube de Campo de Rio Claro<\/title>\n<meta name=\"robots\" content=\"index, follow, max-snippet:-1, max-image-preview:large, max-video-preview:-1\" \/>\n<link rel=\"canonical\" href=\"https:\/\/ccrc.org.br\/novo\/2025\/11\/19\/atletas-do-clube-de-campo-de-rio-claro-no-grand-american-2025\/\" \/>\n<meta property=\"og:locale\" content=\"pt_BR\" \/>\n<meta property=\"og:type\" content=\"article\" \/>\n<meta property=\"og:title\" content=\"Atletas do Clube de Campo de Rio Claro no Grand American 2025! - Clube de Campo de Rio Claro\" \/>\n<meta property=\"og:description\" content=\"O Departamento de Tiro do Clube de Campo de Rio Claro est\u00e1 pronto para marcar presen\u00e7a em mais um grande desafio internacional. De 30 de julho a 10 de agosto de 2025, nossos atletas estar\u00e3o competindo no Grand American World Trapshooting Championships, o maior evento de tiro ao prato do mundo, realizado nos Estados Unidos. [&hellip;]\" \/>\n<meta property=\"og:url\" content=\"https:\/\/ccrc.org.br\/novo\/2025\/11\/19\/atletas-do-clube-de-campo-de-rio-claro-no-grand-american-2025\/\" \/>\n<meta property=\"og:site_name\" content=\"Clube de Campo de Rio Claro\" \/>\n<meta property=\"article:published_time\" content=\"2025-11-19T14:20:01+00:00\" \/>\n<meta property=\"article:modified_time\" content=\"2025-11-19T14:20:07+00:00\" \/>\n<meta property=\"og:image\" content=\"https:\/\/ccrc.org.br\/novo\/wp-content\/uploads\/2025\/11\/ATLETAS-DO-CLUBE-DE-CAMPO-DE-RIO-CLARO-NO-GRAD-AMERICAN-2025.jpeg\" \/>\n\t<meta property=\"og:image:width\" content=\"1080\" \/>\n\t<meta property=\"og:image:height\" content=\"1350\" \/>\n\t<meta property=\"og:image:type\" content=\"image\/jpeg\" \/>\n<meta name=\"author\" content=\"admin\" \/>\n<meta name=\"twitter:card\" content=\"summary_large_image\" \/>\n<meta name=\"twitter:label1\" content=\"Escrito por\" \/>\n\t<meta name=\"twitter:data1\" content=\"admin\" \/>\n\t<meta name=\"twitter:label2\" content=\"Est. tempo de leitura\" \/>\n\t<meta name=\"twitter:data2\" content=\"2 minutos\" \/>\n<script type=\"application\/ld+json\" class=\"yoast-schema-graph\">{\"@context\":\"https:\/\/schema.org\",\"@graph\":[{\"@type\":\"Article\",\"@id\":\"https:\/\/ccrc.org.br\/novo\/2025\/11\/19\/atletas-do-clube-de-campo-de-rio-claro-no-grand-american-2025\/#article\",\"isPartOf\":{\"@id\":\"https:\/\/ccrc.org.br\/novo\/2025\/11\/19\/atletas-do-clube-de-campo-de-rio-claro-no-grand-american-2025\/\"},\"author\":{\"name\":\"admin\",\"@id\":\"https:\/\/ccrc.org.br\/novo\/#\/schema\/person\/372910773046b636e9740af50fb5eb18\"},\"headline\":\"Atletas do Clube de Campo de Rio Claro no Grand American 2025!\",\"datePublished\":\"2025-11-19T14:20:01+00:00\",\"dateModified\":\"2025-11-19T14:20:07+00:00\",\"mainEntityOfPage\":{\"@id\":\"https:\/\/ccrc.org.br\/novo\/2025\/11\/19\/atletas-do-clube-de-campo-de-rio-claro-no-grand-american-2025\/\"},\"wordCount\":198,\"commentCount\":0,\"publisher\":{\"@id\":\"https:\/\/ccrc.org.br\/novo\/#organization\"},\"image\":{\"@id\":\"https:\/\/ccrc.org.br\/novo\/2025\/11\/19\/atletas-do-clube-de-campo-de-rio-claro-no-grand-american-2025\/#primaryimage\"},\"thumbnailUrl\":\"https:\/\/ccrc.org.br\/novo\/wp-content\/uploads\/2025\/11\/ATLETAS-DO-CLUBE-DE-CAMPO-DE-RIO-CLARO-NO-GRAD-AMERICAN-2025.jpeg\",\"articleSection\":[\"Not\u00edcias\"],\"inLanguage\":\"pt-BR\",\"potentialAction\":[{\"@type\":\"CommentAction\",\"name\":\"Comment\",\"target\":[\"https:\/\/ccrc.org.br\/novo\/2025\/11\/19\/atletas-do-clube-de-campo-de-rio-claro-no-grand-american-2025\/#respond\"]}]},{\"@type\":\"WebPage\",\"@id\":\"https:\/\/ccrc.org.br\/novo\/2025\/11\/19\/atletas-do-clube-de-campo-de-rio-claro-no-grand-american-2025\/\",\"url\":\"https:\/\/ccrc.org.br\/novo\/2025\/11\/19\/atletas-do-clube-de-campo-de-rio-claro-no-grand-american-2025\/\",\"name\":\"Atletas do Clube de Campo de Rio Claro no Grand American 2025! - Clube de Campo de Rio Claro\",\"isPartOf\":{\"@id\":\"https:\/\/ccrc.org.br\/novo\/#website\"},\"primaryImageOfPage\":{\"@id\":\"https:\/\/ccrc.org.br\/novo\/2025\/11\/19\/atletas-do-clube-de-campo-de-rio-claro-no-grand-american-2025\/#primaryimage\"},\"image\":{\"@id\":\"https:\/\/ccrc.org.br\/novo\/2025\/11\/19\/atletas-do-clube-de-campo-de-rio-claro-no-grand-american-2025\/#primaryimage\"},\"thumbnailUrl\":\"https:\/\/ccrc.org.br\/novo\/wp-content\/uploads\/2025\/11\/ATLETAS-DO-CLUBE-DE-CAMPO-DE-RIO-CLARO-NO-GRAD-AMERICAN-2025.jpeg\",\"datePublished\":\"2025-11-19T14:20:01+00:00\",\"dateModified\":\"2025-11-19T14:20:07+00:00\",\"breadcrumb\":{\"@id\":\"https:\/\/ccrc.org.br\/novo\/2025\/11\/19\/atletas-do-clube-de-campo-de-rio-claro-no-grand-american-2025\/#breadcrumb\"},\"inLanguage\":\"pt-BR\",\"potentialAction\":[{\"@type\":\"ReadAction\",\"target\":[\"https:\/\/ccrc.org.br\/novo\/2025\/11\/19\/atletas-do-clube-de-campo-de-rio-claro-no-grand-american-2025\/\"]}]},{\"@type\":\"ImageObject\",\"inLanguage\":\"pt-BR\",\"@id\":\"https:\/\/ccrc.org.br\/novo\/2025\/11\/19\/atletas-do-clube-de-campo-de-rio-claro-no-grand-american-2025\/#primaryimage\",\"url\":\"https:\/\/ccrc.org.br\/novo\/wp-content\/uploads\/2025\/11\/ATLETAS-DO-CLUBE-DE-CAMPO-DE-RIO-CLARO-NO-GRAD-AMERICAN-2025.jpeg\",\"contentUrl\":\"https:\/\/ccrc.org.br\/novo\/wp-content\/uploads\/2025\/11\/ATLETAS-DO-CLUBE-DE-CAMPO-DE-RIO-CLARO-NO-GRAD-AMERICAN-2025.jpeg\",\"width\":1080,\"height\":1350},{\"@type\":\"BreadcrumbList\",\"@id\":\"https:\/\/ccrc.org.br\/novo\/2025\/11\/19\/atletas-do-clube-de-campo-de-rio-claro-no-grand-american-2025\/#breadcrumb\",\"itemListElement\":[{\"@type\":\"ListItem\",\"position\":1,\"name\":\"In\u00edcio\",\"item\":\"https:\/\/ccrc.org.br\/novo\/\"},{\"@type\":\"ListItem\",\"position\":2,\"name\":\"Atletas do Clube de Campo de Rio Claro no Grand American 2025!\"}]},{\"@type\":\"WebSite\",\"@id\":\"https:\/\/ccrc.org.br\/novo\/#website\",\"url\":\"https:\/\/ccrc.org.br\/novo\/\",\"name\":\"Clube de Campo de Rio Claro\",\"description\":\"Clube de Campo de Rio Claro\",\"publisher\":{\"@id\":\"https:\/\/ccrc.org.br\/novo\/#organization\"},\"potentialAction\":[{\"@type\":\"SearchAction\",\"target\":{\"@type\":\"EntryPoint\",\"urlTemplate\":\"https:\/\/ccrc.org.br\/novo\/?s={search_term_string}\"},\"query-input\":{\"@type\":\"PropertyValueSpecification\",\"valueRequired\":true,\"valueName\":\"search_term_string\"}}],\"inLanguage\":\"pt-BR\"},{\"@type\":\"Organization\",\"@id\":\"https:\/\/ccrc.org.br\/novo\/#organization\",\"name\":\"Clube de Campo de Rio Claro\",\"url\":\"https:\/\/ccrc.org.br\/novo\/\",\"logo\":{\"@type\":\"ImageObject\",\"inLanguage\":\"pt-BR\",\"@id\":\"https:\/\/ccrc.org.br\/novo\/#\/schema\/logo\/image\/\",\"url\":\"https:\/\/ccrc.org.br\/novo\/wp-content\/uploads\/2024\/07\/CCRC-Logotipo-e1724350576690.png\",\"contentUrl\":\"https:\/\/ccrc.org.br\/novo\/wp-content\/uploads\/2024\/07\/CCRC-Logotipo-e1724350576690.png\",\"width\":512,\"height\":629,\"caption\":\"Clube de Campo de Rio Claro\"},\"image\":{\"@id\":\"https:\/\/ccrc.org.br\/novo\/#\/schema\/logo\/image\/\"}},{\"@type\":\"Person\",\"@id\":\"https:\/\/ccrc.org.br\/novo\/#\/schema\/person\/372910773046b636e9740af50fb5eb18\",\"name\":\"admin\",\"image\":{\"@type\":\"ImageObject\",\"inLanguage\":\"pt-BR\",\"@id\":\"https:\/\/ccrc.org.br\/novo\/#\/schema\/person\/image\/\",\"url\":\"https:\/\/secure.gravatar.com\/avatar\/718c24d324ad2c2388b8cc064a2f6c8377287102aecc257a563f468780849400?s=96&d=mm&r=g\",\"contentUrl\":\"https:\/\/secure.gravatar.com\/avatar\/718c24d324ad2c2388b8cc064a2f6c8377287102aecc257a563f468780849400?s=96&d=mm&r=g\",\"caption\":\"admin\"},\"sameAs\":[\"https:\/\/ccrc.org.br\/novo\"],\"url\":\"https:\/\/ccrc.org.br\/novo\/author\/admin\/\"}]}<\/script>\n<!-- \/ Yoast SEO plugin. -->","yoast_head_json":{"title":"Atletas do Clube de Campo de Rio Claro no Grand American 2025! - Clube de Campo de Rio Claro","robots":{"index":"index","follow":"follow","max-snippet":"max-snippet:-1","max-image-preview":"max-image-preview:large","max-video-preview":"max-video-preview:-1"},"canonical":"https:\/\/ccrc.org.br\/novo\/2025\/11\/19\/atletas-do-clube-de-campo-de-rio-claro-no-grand-american-2025\/","og_locale":"pt_BR","og_type":"article","og_title":"Atletas do Clube de Campo de Rio Claro no Grand American 2025! - Clube de Campo de Rio Claro","og_description":"O Departamento de Tiro do Clube de Campo de Rio Claro est\u00e1 pronto para marcar presen\u00e7a em mais um grande desafio internacional. De 30 de julho a 10 de agosto de 2025, nossos atletas estar\u00e3o competindo no Grand American World Trapshooting Championships, o maior evento de tiro ao prato do mundo, realizado nos Estados Unidos. [&hellip;]","og_url":"https:\/\/ccrc.org.br\/novo\/2025\/11\/19\/atletas-do-clube-de-campo-de-rio-claro-no-grand-american-2025\/","og_site_name":"Clube de Campo de Rio Claro","article_published_time":"2025-11-19T14:20:01+00:00","article_modified_time":"2025-11-19T14:20:07+00:00","og_image":[{"width":1080,"height":1350,"url":"https:\/\/ccrc.org.br\/novo\/wp-content\/uploads\/2025\/11\/ATLETAS-DO-CLUBE-DE-CAMPO-DE-RIO-CLARO-NO-GRAD-AMERICAN-2025.jpeg","type":"image\/jpeg"}],"author":"admin","twitter_card":"summary_large_image","twitter_misc":{"Escrito por":"admin","Est. tempo de leitura":"2 minutos"},"schema":{"@context":"https:\/\/schema.org","@graph":[{"@type":"Article","@id":"https:\/\/ccrc.org.br\/novo\/2025\/11\/19\/atletas-do-clube-de-campo-de-rio-claro-no-grand-american-2025\/#article","isPartOf":{"@id":"https:\/\/ccrc.org.br\/novo\/2025\/11\/19\/atletas-do-clube-de-campo-de-rio-claro-no-grand-american-2025\/"},"author":{"name":"admin","@id":"https:\/\/ccrc.org.br\/novo\/#\/schema\/person\/372910773046b636e9740af50fb5eb18"},"headline":"Atletas do Clube de Campo de Rio Claro no Grand American 2025!","datePublished":"2025-11-19T14:20:01+00:00","dateModified":"2025-11-19T14:20:07+00:00","mainEntityOfPage":{"@id":"https:\/\/ccrc.org.br\/novo\/2025\/11\/19\/atletas-do-clube-de-campo-de-rio-claro-no-grand-american-2025\/"},"wordCount":198,"commentCount":0,"publisher":{"@id":"https:\/\/ccrc.org.br\/novo\/#organization"},"image":{"@id":"https:\/\/ccrc.org.br\/novo\/2025\/11\/19\/atletas-do-clube-de-campo-de-rio-claro-no-grand-american-2025\/#primaryimage"},"thumbnailUrl":"https:\/\/ccrc.org.br\/novo\/wp-content\/uploads\/2025\/11\/ATLETAS-DO-CLUBE-DE-CAMPO-DE-RIO-CLARO-NO-GRAD-AMERICAN-2025.jpeg","articleSection":["Not\u00edcias"],"inLanguage":"pt-BR","potentialAction":[{"@type":"CommentAction","name":"Comment","target":["https:\/\/ccrc.org.br\/novo\/2025\/11\/19\/atletas-do-clube-de-campo-de-rio-claro-no-grand-american-2025\/#respond"]}]},{"@type":"WebPage","@id":"https:\/\/ccrc.org.br\/novo\/2025\/11\/19\/atletas-do-clube-de-campo-de-rio-claro-no-grand-american-2025\/","url":"https:\/\/ccrc.org.br\/novo\/2025\/11\/19\/atletas-do-clube-de-campo-de-rio-claro-no-grand-american-2025\/","name":"Atletas do Clube de Campo de Rio Claro no Grand American 2025! - Clube de Campo de Rio Claro","isPartOf":{"@id":"https:\/\/ccrc.org.br\/novo\/#website"},"primaryImageOfPage":{"@id":"https:\/\/ccrc.org.br\/novo\/2025\/11\/19\/atletas-do-clube-de-campo-de-rio-claro-no-grand-american-2025\/#primaryimage"},"image":{"@id":"https:\/\/ccrc.org.br\/novo\/2025\/11\/19\/atletas-do-clube-de-campo-de-rio-claro-no-grand-american-2025\/#primaryimage"},"thumbnailUrl":"https:\/\/ccrc.org.br\/novo\/wp-content\/uploads\/2025\/11\/ATLETAS-DO-CLUBE-DE-CAMPO-DE-RIO-CLARO-NO-GRAD-AMERICAN-2025.jpeg","datePublished":"2025-11-19T14:20:01+00:00","dateModified":"2025-11-19T14:20:07+00:00","breadcrumb":{"@id":"https:\/\/ccrc.org.br\/novo\/2025\/11\/19\/atletas-do-clube-de-campo-de-rio-claro-no-grand-american-2025\/#breadcrumb"},"inLanguage":"pt-BR","potentialAction":[{"@type":"ReadAction","target":["https:\/\/ccrc.org.br\/novo\/2025\/11\/19\/atletas-do-clube-de-campo-de-rio-claro-no-grand-american-2025\/"]}]},{"@type":"ImageObject","inLanguage":"pt-BR","@id":"https:\/\/ccrc.org.br\/novo\/2025\/11\/19\/atletas-do-clube-de-campo-de-rio-claro-no-grand-american-2025\/#primaryimage","url":"https:\/\/ccrc.org.br\/novo\/wp-content\/uploads\/2025\/11\/ATLETAS-DO-CLUBE-DE-CAMPO-DE-RIO-CLARO-NO-GRAD-AMERICAN-2025.jpeg","contentUrl":"https:\/\/ccrc.org.br\/novo\/wp-content\/uploads\/2025\/11\/ATLETAS-DO-CLUBE-DE-CAMPO-DE-RIO-CLARO-NO-GRAD-AMERICAN-2025.jpeg","width":1080,"height":1350},{"@type":"BreadcrumbList","@id":"https:\/\/ccrc.org.br\/novo\/2025\/11\/19\/atletas-do-clube-de-campo-de-rio-claro-no-grand-american-2025\/#breadcrumb","itemListElement":[{"@type":"ListItem","position":1,"name":"In\u00edcio","item":"https:\/\/ccrc.org.br\/novo\/"},{"@type":"ListItem","position":2,"name":"Atletas do Clube de Campo de Rio Claro no Grand American 2025!"}]},{"@type":"WebSite","@id":"https:\/\/ccrc.org.br\/novo\/#website","url":"https:\/\/ccrc.org.br\/novo\/","name":"Clube de Campo de Rio Claro","description":"Clube de Campo de Rio Claro","publisher":{"@id":"https:\/\/ccrc.org.br\/novo\/#organization"},"potentialAction":[{"@type":"SearchAction","target":{"@type":"EntryPoint","urlTemplate":"https:\/\/ccrc.org.br\/novo\/?s={search_term_string}"},"query-input":{"@type":"PropertyValueSpecification","valueRequired":true,"valueName":"search_term_string"}}],"inLanguage":"pt-BR"},{"@type":"Organization","@id":"https:\/\/ccrc.org.br\/novo\/#organization","name":"Clube de Campo de Rio Claro","url":"https:\/\/ccrc.org.br\/novo\/","logo":{"@type":"ImageObject","inLanguage":"pt-BR","@id":"https:\/\/ccrc.org.br\/novo\/#\/schema\/logo\/image\/","url":"https:\/\/ccrc.org.br\/novo\/wp-content\/uploads\/2024\/07\/CCRC-Logotipo-e1724350576690.png","contentUrl":"https:\/\/ccrc.org.br\/novo\/wp-content\/uploads\/2024\/07\/CCRC-Logotipo-e1724350576690.png","width":512,"height":629,"caption":"Clube de Campo de Rio Claro"},"image":{"@id":"https:\/\/ccrc.org.br\/novo\/#\/schema\/logo\/image\/"}},{"@type":"Person","@id":"https:\/\/ccrc.org.br\/novo\/#\/schema\/person\/372910773046b636e9740af50fb5eb18","name":"admin","image":{"@type":"ImageObject","inLanguage":"pt-BR","@id":"https:\/\/ccrc.org.br\/novo\/#\/schema\/person\/image\/","url":"https:\/\/secure.gravatar.com\/avatar\/718c24d324ad2c2388b8cc064a2f6c8377287102aecc257a563f468780849400?s=96&d=mm&r=g","contentUrl":"https:\/\/secure.gravatar.com\/avatar\/718c24d324ad2c2388b8cc064a2f6c8377287102aecc257a563f468780849400?s=96&d=mm&r=g","caption":"admin"},"sameAs":["https:\/\/ccrc.org.br\/novo"],"url":"https:\/\/ccrc.org.br\/novo\/author\/admin\/"}]}},"_links":{"self":[{"href":"https:\/\/ccrc.org.br\/novo\/wp-json\/wp\/v2\/posts\/5720","targetHints":{"allow":["GET"]}}],"collection":[{"href":"https:\/\/ccrc.org.br\/novo\/wp-json\/wp\/v2\/posts"}],"about":[{"href":"https:\/\/ccrc.org.br\/novo\/wp-json\/wp\/v2\/types\/post"}],"author":[{"embeddable":true,"href":"https:\/\/ccrc.org.br\/novo\/wp-json\/wp\/v2\/users\/1"}],"replies":[{"embeddable":true,"href":"https:\/\/ccrc.org.br\/novo\/wp-json\/wp\/v2\/comments?post=5720"}],"version-history":[{"count":1,"href":"https:\/\/ccrc.org.br\/novo\/wp-json\/wp\/v2\/posts\/5720\/revisions"}],"predecessor-version":[{"id":5722,"href":"https:\/\/ccrc.org.br\/novo\/wp-json\/wp\/v2\/posts\/5720\/revisions\/5722"}],"wp:featuredmedia":[{"embeddable":true,"href":"https:\/\/ccrc.org.br\/novo\/wp-json\/wp\/v2\/media\/5721"}],"wp:attachment":[{"href":"https:\/\/ccrc.org.br\/novo\/wp-json\/wp\/v2\/media?parent=5720"}],"wp:term":[{"taxonomy":"category","embeddable":true,"href":"https:\/\/ccrc.org.br\/novo\/wp-json\/wp\/v2\/categories?post=5720"},{"taxonomy":"post_tag","embeddable":true,"href":"https:\/\/ccrc.org.br\/novo\/wp-json\/wp\/v2\/tags?post=5720"}],"curies":[{"name":"wp","href":"https:\/\/api.w.org\/{rel}","templated":true}]}}