{"id":5732,"date":"2025-11-19T11:43:42","date_gmt":"2025-11-19T14:43:42","guid":{"rendered":"https:\/\/ccrc.org.br\/novo\/?p=5732"},"modified":"2025-12-02T08:22:06","modified_gmt":"2025-12-02T11:22:06","slug":"os-atletas-do-departamento-de-tiro-participaram-do-grand-american-2025","status":"publish","type":"post","link":"https:\/\/ccrc.org.br\/novo\/2025\/11\/19\/os-atletas-do-departamento-de-tiro-participaram-do-grand-american-2025\/","title":{"rendered":"Grand American 2025"},"content":{"rendered":"\n<p>Os atletas do Departamento de Tiro participaram do Grand American 2025, realizado em Sparta, Illinois, Estados Unidos. A competi\u00e7\u00e3o foi um sucesso, com excelentes resultados e a conquista de diversos trof\u00e9us. Confira os resultados abaixo.<\/p>\n\n\n\n<p>Luiz Carlos V. Pirani<br>Evento #17 &#8211; *lWening Doubles Class Championship<br>1\u00b0 Lugar &#8211; Class D 96\/100<\/p>\n\n\n\n<p>Evento Winchester Super 500 Singles<br>( Evento #1 &#8211; #4 &#8211; #7 &#8211; # 10 )<br>3\u00b0 Colocado &#8211; Class D 480\/500<\/p>\n\n\n\n<p>Evento #4 &#8211; Mec Outdoors Singles<br>1\u00b0 Lugar &#8211; Class D &#8211; 98\/100<\/p>\n\n\n\n<p>Yan Klain Belchior<br>Evento #7 Sterling Cut Glass Singles<br>3\u00b0 Lugar &#8211; Class A &#8211; 99\/100<\/p>\n\n\n\n<p>Homero C. Piva Carvalho<br>Evento #7 Sterling Cut Glass Singles<br>3\u00b0 Lugar &#8211; Sub Vet &#8211; 100\/100<\/p>\n\n\n\n<p>Robson Deschamps<br>Event #20 &#8211; Kubota Doubles<br>2\u00b0 Lugar &#8211; Class A &#8211; 98\/100<\/p>\n\n\n\n<p>Event #12 &#8211; Graf &amp; Sons Doubles<br>3\u00b0 Lugar &#8211; Class A &#8211; 97\/100<\/p>\n\n\n\n<p>Excel Bottling Company Super 500 Doubles<br>( Eventos #3 &#8211; #6 &#8211; #9 &#8211; #12)<br>1\u00b0 Lugar &#8211; Class A &#8211; 477\/500<\/p>\n\n\n\n<p>Everson Zmorzynki<br>Evento #9 &#8211; SOS Clays Doubles<br>1\u00b0 Lugar &#8211; Class B &#8211; 97\/100<\/p>\n\n\n\n<p>Harlei F. Reis<br>Event #10 &#8211; NRA Singles<br>1\u00b0 Lugar &#8211; Class B &#8211; 198\/200<\/p>\n","protected":false},"excerpt":{"rendered":"<p>Os atletas do Departamento de Tiro participaram do Grand American 2025, realizado em Sparta, Illinois, Estados Unidos. A competi\u00e7\u00e3o foi um sucesso, com excelentes resultados e a conquista de diversos trof\u00e9us. Confira os resultados abaixo. Luiz Carlos V. PiraniEvento #17 &#8211; *lWening Doubles Class Championship1\u00b0 Lugar &#8211; Class D 96\/100 Evento Winchester Super 500 Singles( [&hellip;]<\/p>\n","protected":false},"author":1,"featured_media":5733,"comment_status":"open","ping_status":"open","sticky":false,"template":"","format":"standard","meta":{"_acf_changed":false,"footnotes":""},"categories":[34],"tags":[],"class_list":["post-5732","post","type-post","status-publish","format-standard","has-post-thumbnail","hentry","category-noticias"],"acf":[],"yoast_head":"<!-- This site is optimized with the Yoast SEO plugin v26.9 - https:\/\/yoast.com\/product\/yoast-seo-wordpress\/ -->\n<title>Grand American 2025 - Clube de Campo de Rio Claro<\/title>\n<meta name=\"robots\" content=\"index, follow, max-snippet:-1, max-image-preview:large, max-video-preview:-1\" \/>\n<link rel=\"canonical\" href=\"https:\/\/ccrc.org.br\/novo\/2025\/11\/19\/os-atletas-do-departamento-de-tiro-participaram-do-grand-american-2025\/\" \/>\n<meta property=\"og:locale\" content=\"pt_BR\" \/>\n<meta property=\"og:type\" content=\"article\" \/>\n<meta property=\"og:title\" content=\"Grand American 2025 - Clube de Campo de Rio Claro\" \/>\n<meta property=\"og:description\" content=\"Os atletas do Departamento de Tiro participaram do Grand American 2025, realizado em Sparta, Illinois, Estados Unidos. A competi\u00e7\u00e3o foi um sucesso, com excelentes resultados e a conquista de diversos trof\u00e9us. Confira os resultados abaixo. Luiz Carlos V. PiraniEvento #17 &#8211; *lWening Doubles Class Championship1\u00b0 Lugar &#8211; Class D 96\/100 Evento Winchester Super 500 Singles( [&hellip;]\" \/>\n<meta property=\"og:url\" content=\"https:\/\/ccrc.org.br\/novo\/2025\/11\/19\/os-atletas-do-departamento-de-tiro-participaram-do-grand-american-2025\/\" \/>\n<meta property=\"og:site_name\" content=\"Clube de Campo de Rio Claro\" \/>\n<meta property=\"article:published_time\" content=\"2025-11-19T14:43:42+00:00\" \/>\n<meta property=\"article:modified_time\" content=\"2025-12-02T11:22:06+00:00\" \/>\n<meta property=\"og:image\" content=\"https:\/\/ccrc.org.br\/novo\/wp-content\/uploads\/2025\/11\/Os-atletas-do-Departamento-de-Tiro-participaram-do-Grand-American-2025.jpeg\" \/>\n\t<meta property=\"og:image:width\" content=\"1600\" \/>\n\t<meta property=\"og:image:height\" content=\"1200\" \/>\n\t<meta property=\"og:image:type\" content=\"image\/jpeg\" \/>\n<meta name=\"author\" content=\"admin\" \/>\n<meta name=\"twitter:card\" content=\"summary_large_image\" \/>\n<meta name=\"twitter:label1\" content=\"Escrito por\" \/>\n\t<meta name=\"twitter:data1\" content=\"admin\" \/>\n\t<meta name=\"twitter:label2\" content=\"Est. tempo de leitura\" \/>\n\t<meta name=\"twitter:data2\" content=\"2 minutos\" \/>\n<script type=\"application\/ld+json\" class=\"yoast-schema-graph\">{\"@context\":\"https:\/\/schema.org\",\"@graph\":[{\"@type\":\"Article\",\"@id\":\"https:\/\/ccrc.org.br\/novo\/2025\/11\/19\/os-atletas-do-departamento-de-tiro-participaram-do-grand-american-2025\/#article\",\"isPartOf\":{\"@id\":\"https:\/\/ccrc.org.br\/novo\/2025\/11\/19\/os-atletas-do-departamento-de-tiro-participaram-do-grand-american-2025\/\"},\"author\":{\"name\":\"admin\",\"@id\":\"https:\/\/ccrc.org.br\/novo\/#\/schema\/person\/372910773046b636e9740af50fb5eb18\"},\"headline\":\"Grand American 2025\",\"datePublished\":\"2025-11-19T14:43:42+00:00\",\"dateModified\":\"2025-12-02T11:22:06+00:00\",\"mainEntityOfPage\":{\"@id\":\"https:\/\/ccrc.org.br\/novo\/2025\/11\/19\/os-atletas-do-departamento-de-tiro-participaram-do-grand-american-2025\/\"},\"wordCount\":155,\"commentCount\":0,\"publisher\":{\"@id\":\"https:\/\/ccrc.org.br\/novo\/#organization\"},\"image\":{\"@id\":\"https:\/\/ccrc.org.br\/novo\/2025\/11\/19\/os-atletas-do-departamento-de-tiro-participaram-do-grand-american-2025\/#primaryimage\"},\"thumbnailUrl\":\"https:\/\/ccrc.org.br\/novo\/wp-content\/uploads\/2025\/11\/Os-atletas-do-Departamento-de-Tiro-participaram-do-Grand-American-2025.jpeg\",\"articleSection\":[\"Not\u00edcias\"],\"inLanguage\":\"pt-BR\",\"potentialAction\":[{\"@type\":\"CommentAction\",\"name\":\"Comment\",\"target\":[\"https:\/\/ccrc.org.br\/novo\/2025\/11\/19\/os-atletas-do-departamento-de-tiro-participaram-do-grand-american-2025\/#respond\"]}]},{\"@type\":\"WebPage\",\"@id\":\"https:\/\/ccrc.org.br\/novo\/2025\/11\/19\/os-atletas-do-departamento-de-tiro-participaram-do-grand-american-2025\/\",\"url\":\"https:\/\/ccrc.org.br\/novo\/2025\/11\/19\/os-atletas-do-departamento-de-tiro-participaram-do-grand-american-2025\/\",\"name\":\"Grand American 2025 - Clube de Campo de Rio Claro\",\"isPartOf\":{\"@id\":\"https:\/\/ccrc.org.br\/novo\/#website\"},\"primaryImageOfPage\":{\"@id\":\"https:\/\/ccrc.org.br\/novo\/2025\/11\/19\/os-atletas-do-departamento-de-tiro-participaram-do-grand-american-2025\/#primaryimage\"},\"image\":{\"@id\":\"https:\/\/ccrc.org.br\/novo\/2025\/11\/19\/os-atletas-do-departamento-de-tiro-participaram-do-grand-american-2025\/#primaryimage\"},\"thumbnailUrl\":\"https:\/\/ccrc.org.br\/novo\/wp-content\/uploads\/2025\/11\/Os-atletas-do-Departamento-de-Tiro-participaram-do-Grand-American-2025.jpeg\",\"datePublished\":\"2025-11-19T14:43:42+00:00\",\"dateModified\":\"2025-12-02T11:22:06+00:00\",\"breadcrumb\":{\"@id\":\"https:\/\/ccrc.org.br\/novo\/2025\/11\/19\/os-atletas-do-departamento-de-tiro-participaram-do-grand-american-2025\/#breadcrumb\"},\"inLanguage\":\"pt-BR\",\"potentialAction\":[{\"@type\":\"ReadAction\",\"target\":[\"https:\/\/ccrc.org.br\/novo\/2025\/11\/19\/os-atletas-do-departamento-de-tiro-participaram-do-grand-american-2025\/\"]}]},{\"@type\":\"ImageObject\",\"inLanguage\":\"pt-BR\",\"@id\":\"https:\/\/ccrc.org.br\/novo\/2025\/11\/19\/os-atletas-do-departamento-de-tiro-participaram-do-grand-american-2025\/#primaryimage\",\"url\":\"https:\/\/ccrc.org.br\/novo\/wp-content\/uploads\/2025\/11\/Os-atletas-do-Departamento-de-Tiro-participaram-do-Grand-American-2025.jpeg\",\"contentUrl\":\"https:\/\/ccrc.org.br\/novo\/wp-content\/uploads\/2025\/11\/Os-atletas-do-Departamento-de-Tiro-participaram-do-Grand-American-2025.jpeg\",\"width\":1600,\"height\":1200},{\"@type\":\"BreadcrumbList\",\"@id\":\"https:\/\/ccrc.org.br\/novo\/2025\/11\/19\/os-atletas-do-departamento-de-tiro-participaram-do-grand-american-2025\/#breadcrumb\",\"itemListElement\":[{\"@type\":\"ListItem\",\"position\":1,\"name\":\"In\u00edcio\",\"item\":\"https:\/\/ccrc.org.br\/novo\/\"},{\"@type\":\"ListItem\",\"position\":2,\"name\":\"Grand American 2025\"}]},{\"@type\":\"WebSite\",\"@id\":\"https:\/\/ccrc.org.br\/novo\/#website\",\"url\":\"https:\/\/ccrc.org.br\/novo\/\",\"name\":\"Clube de Campo de Rio Claro\",\"description\":\"Clube de Campo de Rio Claro\",\"publisher\":{\"@id\":\"https:\/\/ccrc.org.br\/novo\/#organization\"},\"potentialAction\":[{\"@type\":\"SearchAction\",\"target\":{\"@type\":\"EntryPoint\",\"urlTemplate\":\"https:\/\/ccrc.org.br\/novo\/?s={search_term_string}\"},\"query-input\":{\"@type\":\"PropertyValueSpecification\",\"valueRequired\":true,\"valueName\":\"search_term_string\"}}],\"inLanguage\":\"pt-BR\"},{\"@type\":\"Organization\",\"@id\":\"https:\/\/ccrc.org.br\/novo\/#organization\",\"name\":\"Clube de Campo de Rio Claro\",\"url\":\"https:\/\/ccrc.org.br\/novo\/\",\"logo\":{\"@type\":\"ImageObject\",\"inLanguage\":\"pt-BR\",\"@id\":\"https:\/\/ccrc.org.br\/novo\/#\/schema\/logo\/image\/\",\"url\":\"https:\/\/ccrc.org.br\/novo\/wp-content\/uploads\/2024\/07\/CCRC-Logotipo-e1724350576690.png\",\"contentUrl\":\"https:\/\/ccrc.org.br\/novo\/wp-content\/uploads\/2024\/07\/CCRC-Logotipo-e1724350576690.png\",\"width\":512,\"height\":629,\"caption\":\"Clube de Campo de Rio Claro\"},\"image\":{\"@id\":\"https:\/\/ccrc.org.br\/novo\/#\/schema\/logo\/image\/\"}},{\"@type\":\"Person\",\"@id\":\"https:\/\/ccrc.org.br\/novo\/#\/schema\/person\/372910773046b636e9740af50fb5eb18\",\"name\":\"admin\",\"image\":{\"@type\":\"ImageObject\",\"inLanguage\":\"pt-BR\",\"@id\":\"https:\/\/ccrc.org.br\/novo\/#\/schema\/person\/image\/\",\"url\":\"https:\/\/secure.gravatar.com\/avatar\/718c24d324ad2c2388b8cc064a2f6c8377287102aecc257a563f468780849400?s=96&d=mm&r=g\",\"contentUrl\":\"https:\/\/secure.gravatar.com\/avatar\/718c24d324ad2c2388b8cc064a2f6c8377287102aecc257a563f468780849400?s=96&d=mm&r=g\",\"caption\":\"admin\"},\"sameAs\":[\"https:\/\/ccrc.org.br\/novo\"],\"url\":\"https:\/\/ccrc.org.br\/novo\/author\/admin\/\"}]}<\/script>\n<!-- \/ Yoast SEO plugin. -->","yoast_head_json":{"title":"Grand American 2025 - Clube de Campo de Rio Claro","robots":{"index":"index","follow":"follow","max-snippet":"max-snippet:-1","max-image-preview":"max-image-preview:large","max-video-preview":"max-video-preview:-1"},"canonical":"https:\/\/ccrc.org.br\/novo\/2025\/11\/19\/os-atletas-do-departamento-de-tiro-participaram-do-grand-american-2025\/","og_locale":"pt_BR","og_type":"article","og_title":"Grand American 2025 - Clube de Campo de Rio Claro","og_description":"Os atletas do Departamento de Tiro participaram do Grand American 2025, realizado em Sparta, Illinois, Estados Unidos. A competi\u00e7\u00e3o foi um sucesso, com excelentes resultados e a conquista de diversos trof\u00e9us. Confira os resultados abaixo. Luiz Carlos V. PiraniEvento #17 &#8211; *lWening Doubles Class Championship1\u00b0 Lugar &#8211; Class D 96\/100 Evento Winchester Super 500 Singles( [&hellip;]","og_url":"https:\/\/ccrc.org.br\/novo\/2025\/11\/19\/os-atletas-do-departamento-de-tiro-participaram-do-grand-american-2025\/","og_site_name":"Clube de Campo de Rio Claro","article_published_time":"2025-11-19T14:43:42+00:00","article_modified_time":"2025-12-02T11:22:06+00:00","og_image":[{"width":1600,"height":1200,"url":"https:\/\/ccrc.org.br\/novo\/wp-content\/uploads\/2025\/11\/Os-atletas-do-Departamento-de-Tiro-participaram-do-Grand-American-2025.jpeg","type":"image\/jpeg"}],"author":"admin","twitter_card":"summary_large_image","twitter_misc":{"Escrito por":"admin","Est. tempo de leitura":"2 minutos"},"schema":{"@context":"https:\/\/schema.org","@graph":[{"@type":"Article","@id":"https:\/\/ccrc.org.br\/novo\/2025\/11\/19\/os-atletas-do-departamento-de-tiro-participaram-do-grand-american-2025\/#article","isPartOf":{"@id":"https:\/\/ccrc.org.br\/novo\/2025\/11\/19\/os-atletas-do-departamento-de-tiro-participaram-do-grand-american-2025\/"},"author":{"name":"admin","@id":"https:\/\/ccrc.org.br\/novo\/#\/schema\/person\/372910773046b636e9740af50fb5eb18"},"headline":"Grand American 2025","datePublished":"2025-11-19T14:43:42+00:00","dateModified":"2025-12-02T11:22:06+00:00","mainEntityOfPage":{"@id":"https:\/\/ccrc.org.br\/novo\/2025\/11\/19\/os-atletas-do-departamento-de-tiro-participaram-do-grand-american-2025\/"},"wordCount":155,"commentCount":0,"publisher":{"@id":"https:\/\/ccrc.org.br\/novo\/#organization"},"image":{"@id":"https:\/\/ccrc.org.br\/novo\/2025\/11\/19\/os-atletas-do-departamento-de-tiro-participaram-do-grand-american-2025\/#primaryimage"},"thumbnailUrl":"https:\/\/ccrc.org.br\/novo\/wp-content\/uploads\/2025\/11\/Os-atletas-do-Departamento-de-Tiro-participaram-do-Grand-American-2025.jpeg","articleSection":["Not\u00edcias"],"inLanguage":"pt-BR","potentialAction":[{"@type":"CommentAction","name":"Comment","target":["https:\/\/ccrc.org.br\/novo\/2025\/11\/19\/os-atletas-do-departamento-de-tiro-participaram-do-grand-american-2025\/#respond"]}]},{"@type":"WebPage","@id":"https:\/\/ccrc.org.br\/novo\/2025\/11\/19\/os-atletas-do-departamento-de-tiro-participaram-do-grand-american-2025\/","url":"https:\/\/ccrc.org.br\/novo\/2025\/11\/19\/os-atletas-do-departamento-de-tiro-participaram-do-grand-american-2025\/","name":"Grand American 2025 - Clube de Campo de Rio Claro","isPartOf":{"@id":"https:\/\/ccrc.org.br\/novo\/#website"},"primaryImageOfPage":{"@id":"https:\/\/ccrc.org.br\/novo\/2025\/11\/19\/os-atletas-do-departamento-de-tiro-participaram-do-grand-american-2025\/#primaryimage"},"image":{"@id":"https:\/\/ccrc.org.br\/novo\/2025\/11\/19\/os-atletas-do-departamento-de-tiro-participaram-do-grand-american-2025\/#primaryimage"},"thumbnailUrl":"https:\/\/ccrc.org.br\/novo\/wp-content\/uploads\/2025\/11\/Os-atletas-do-Departamento-de-Tiro-participaram-do-Grand-American-2025.jpeg","datePublished":"2025-11-19T14:43:42+00:00","dateModified":"2025-12-02T11:22:06+00:00","breadcrumb":{"@id":"https:\/\/ccrc.org.br\/novo\/2025\/11\/19\/os-atletas-do-departamento-de-tiro-participaram-do-grand-american-2025\/#breadcrumb"},"inLanguage":"pt-BR","potentialAction":[{"@type":"ReadAction","target":["https:\/\/ccrc.org.br\/novo\/2025\/11\/19\/os-atletas-do-departamento-de-tiro-participaram-do-grand-american-2025\/"]}]},{"@type":"ImageObject","inLanguage":"pt-BR","@id":"https:\/\/ccrc.org.br\/novo\/2025\/11\/19\/os-atletas-do-departamento-de-tiro-participaram-do-grand-american-2025\/#primaryimage","url":"https:\/\/ccrc.org.br\/novo\/wp-content\/uploads\/2025\/11\/Os-atletas-do-Departamento-de-Tiro-participaram-do-Grand-American-2025.jpeg","contentUrl":"https:\/\/ccrc.org.br\/novo\/wp-content\/uploads\/2025\/11\/Os-atletas-do-Departamento-de-Tiro-participaram-do-Grand-American-2025.jpeg","width":1600,"height":1200},{"@type":"BreadcrumbList","@id":"https:\/\/ccrc.org.br\/novo\/2025\/11\/19\/os-atletas-do-departamento-de-tiro-participaram-do-grand-american-2025\/#breadcrumb","itemListElement":[{"@type":"ListItem","position":1,"name":"In\u00edcio","item":"https:\/\/ccrc.org.br\/novo\/"},{"@type":"ListItem","position":2,"name":"Grand American 2025"}]},{"@type":"WebSite","@id":"https:\/\/ccrc.org.br\/novo\/#website","url":"https:\/\/ccrc.org.br\/novo\/","name":"Clube de Campo de Rio Claro","description":"Clube de Campo de Rio Claro","publisher":{"@id":"https:\/\/ccrc.org.br\/novo\/#organization"},"potentialAction":[{"@type":"SearchAction","target":{"@type":"EntryPoint","urlTemplate":"https:\/\/ccrc.org.br\/novo\/?s={search_term_string}"},"query-input":{"@type":"PropertyValueSpecification","valueRequired":true,"valueName":"search_term_string"}}],"inLanguage":"pt-BR"},{"@type":"Organization","@id":"https:\/\/ccrc.org.br\/novo\/#organization","name":"Clube de Campo de Rio Claro","url":"https:\/\/ccrc.org.br\/novo\/","logo":{"@type":"ImageObject","inLanguage":"pt-BR","@id":"https:\/\/ccrc.org.br\/novo\/#\/schema\/logo\/image\/","url":"https:\/\/ccrc.org.br\/novo\/wp-content\/uploads\/2024\/07\/CCRC-Logotipo-e1724350576690.png","contentUrl":"https:\/\/ccrc.org.br\/novo\/wp-content\/uploads\/2024\/07\/CCRC-Logotipo-e1724350576690.png","width":512,"height":629,"caption":"Clube de Campo de Rio Claro"},"image":{"@id":"https:\/\/ccrc.org.br\/novo\/#\/schema\/logo\/image\/"}},{"@type":"Person","@id":"https:\/\/ccrc.org.br\/novo\/#\/schema\/person\/372910773046b636e9740af50fb5eb18","name":"admin","image":{"@type":"ImageObject","inLanguage":"pt-BR","@id":"https:\/\/ccrc.org.br\/novo\/#\/schema\/person\/image\/","url":"https:\/\/secure.gravatar.com\/avatar\/718c24d324ad2c2388b8cc064a2f6c8377287102aecc257a563f468780849400?s=96&d=mm&r=g","contentUrl":"https:\/\/secure.gravatar.com\/avatar\/718c24d324ad2c2388b8cc064a2f6c8377287102aecc257a563f468780849400?s=96&d=mm&r=g","caption":"admin"},"sameAs":["https:\/\/ccrc.org.br\/novo"],"url":"https:\/\/ccrc.org.br\/novo\/author\/admin\/"}]}},"_links":{"self":[{"href":"https:\/\/ccrc.org.br\/novo\/wp-json\/wp\/v2\/posts\/5732","targetHints":{"allow":["GET"]}}],"collection":[{"href":"https:\/\/ccrc.org.br\/novo\/wp-json\/wp\/v2\/posts"}],"about":[{"href":"https:\/\/ccrc.org.br\/novo\/wp-json\/wp\/v2\/types\/post"}],"author":[{"embeddable":true,"href":"https:\/\/ccrc.org.br\/novo\/wp-json\/wp\/v2\/users\/1"}],"replies":[{"embeddable":true,"href":"https:\/\/ccrc.org.br\/novo\/wp-json\/wp\/v2\/comments?post=5732"}],"version-history":[{"count":2,"href":"https:\/\/ccrc.org.br\/novo\/wp-json\/wp\/v2\/posts\/5732\/revisions"}],"predecessor-version":[{"id":5829,"href":"https:\/\/ccrc.org.br\/novo\/wp-json\/wp\/v2\/posts\/5732\/revisions\/5829"}],"wp:featuredmedia":[{"embeddable":true,"href":"https:\/\/ccrc.org.br\/novo\/wp-json\/wp\/v2\/media\/5733"}],"wp:attachment":[{"href":"https:\/\/ccrc.org.br\/novo\/wp-json\/wp\/v2\/media?parent=5732"}],"wp:term":[{"taxonomy":"category","embeddable":true,"href":"https:\/\/ccrc.org.br\/novo\/wp-json\/wp\/v2\/categories?post=5732"},{"taxonomy":"post_tag","embeddable":true,"href":"https:\/\/ccrc.org.br\/novo\/wp-json\/wp\/v2\/tags?post=5732"}],"curies":[{"name":"wp","href":"https:\/\/api.w.org\/{rel}","templated":true}]}}