{"id":5830,"date":"2025-12-02T08:46:03","date_gmt":"2025-12-02T11:46:03","guid":{"rendered":"https:\/\/ccrc.org.br\/novo\/?p=5830"},"modified":"2025-12-02T08:46:08","modified_gmt":"2025-12-02T11:46:08","slug":"sub-12-campeao-arb","status":"publish","type":"post","link":"https:\/\/ccrc.org.br\/novo\/2025\/12\/02\/sub-12-campeao-arb\/","title":{"rendered":"SUB 12 CAMPE\u00c3O ARB"},"content":{"rendered":"\n<p>Uma trajet\u00f3ria de sucesso!<br>Com muita dedica\u00e7\u00e3o e trabalho em equipe, nossa categoria Sub 12 viveu um ano inesquec\u00edvel.<\/p>\n\n\n\n<p>Como destaca o T\u00e9cnico Guilherme Banchi:<br>\u201cOs trabalhos com o Sub 12 come\u00e7aram em fevereiro de 2025. Alguns atletas j\u00e1 estavam na categoria desde os 10 anos, o que ajudou muito pelo ac\u00famulo de experi\u00eancia em jogos e campeonatos. Ao longo do ano tivemos muitos desafios, e apenas uma derrota. Finalizamos o campeonato da ARB invictos. Foi um trabalho gratificante, instruindo e conduzindo cada atleta. Gra\u00e7as a Deus, conquistamos resultados positivos e encerramos o campeonato como campe\u00f5es invictos da ARB.\u201d<\/p>\n\n\n\n<p>Parab\u00e9ns a todos os atletas, comiss\u00e3o t\u00e9cnica e fam\u00edlias que fizeram parte dessa jornada! \ud83d\udc9b\ud83c\udfc6\ud83d\udcaa<br>Vamos Clube!<\/p>\n","protected":false},"excerpt":{"rendered":"<p>Uma trajet\u00f3ria de sucesso!Com muita dedica\u00e7\u00e3o e trabalho em equipe, nossa categoria Sub 12 viveu um ano inesquec\u00edvel. Como destaca o T\u00e9cnico Guilherme Banchi:\u201cOs trabalhos com o Sub 12 come\u00e7aram em fevereiro de 2025. Alguns atletas j\u00e1 estavam na categoria desde os 10 anos, o que ajudou muito pelo ac\u00famulo de experi\u00eancia em jogos e [&hellip;]<\/p>\n","protected":false},"author":1,"featured_media":5831,"comment_status":"open","ping_status":"open","sticky":false,"template":"","format":"standard","meta":{"_acf_changed":false,"footnotes":""},"categories":[39,38],"tags":[],"class_list":["post-5830","post","type-post","status-publish","format-standard","has-post-thumbnail","hentry","category-cbc","category-esportes"],"acf":[],"yoast_head":"<!-- This site is optimized with the Yoast SEO plugin v26.9 - https:\/\/yoast.com\/product\/yoast-seo-wordpress\/ -->\n<title>SUB 12 CAMPE\u00c3O ARB - Clube de Campo de Rio Claro<\/title>\n<meta name=\"robots\" content=\"index, follow, max-snippet:-1, max-image-preview:large, max-video-preview:-1\" \/>\n<link rel=\"canonical\" href=\"https:\/\/ccrc.org.br\/novo\/2025\/12\/02\/sub-12-campeao-arb\/\" \/>\n<meta property=\"og:locale\" content=\"pt_BR\" \/>\n<meta property=\"og:type\" content=\"article\" \/>\n<meta property=\"og:title\" content=\"SUB 12 CAMPE\u00c3O ARB - Clube de Campo de Rio Claro\" \/>\n<meta property=\"og:description\" content=\"Uma trajet\u00f3ria de sucesso!Com muita dedica\u00e7\u00e3o e trabalho em equipe, nossa categoria Sub 12 viveu um ano inesquec\u00edvel. Como destaca o T\u00e9cnico Guilherme Banchi:\u201cOs trabalhos com o Sub 12 come\u00e7aram em fevereiro de 2025. Alguns atletas j\u00e1 estavam na categoria desde os 10 anos, o que ajudou muito pelo ac\u00famulo de experi\u00eancia em jogos e [&hellip;]\" \/>\n<meta property=\"og:url\" content=\"https:\/\/ccrc.org.br\/novo\/2025\/12\/02\/sub-12-campeao-arb\/\" \/>\n<meta property=\"og:site_name\" content=\"Clube de Campo de Rio Claro\" \/>\n<meta property=\"article:published_time\" content=\"2025-12-02T11:46:03+00:00\" \/>\n<meta property=\"article:modified_time\" content=\"2025-12-02T11:46:08+00:00\" \/>\n<meta property=\"og:image\" content=\"https:\/\/ccrc.org.br\/novo\/wp-content\/uploads\/2025\/12\/WhatsApp-Image-2025-12-01-at-16.53.36.jpeg\" \/>\n\t<meta property=\"og:image:width\" content=\"1167\" \/>\n\t<meta property=\"og:image:height\" content=\"974\" \/>\n\t<meta property=\"og:image:type\" content=\"image\/jpeg\" \/>\n<meta name=\"author\" content=\"admin\" \/>\n<meta name=\"twitter:card\" content=\"summary_large_image\" \/>\n<meta name=\"twitter:label1\" content=\"Escrito por\" \/>\n\t<meta name=\"twitter:data1\" content=\"admin\" \/>\n\t<meta name=\"twitter:label2\" content=\"Est. tempo de leitura\" \/>\n\t<meta name=\"twitter:data2\" content=\"1 minuto\" \/>\n<script type=\"application\/ld+json\" class=\"yoast-schema-graph\">{\"@context\":\"https:\/\/schema.org\",\"@graph\":[{\"@type\":\"Article\",\"@id\":\"https:\/\/ccrc.org.br\/novo\/2025\/12\/02\/sub-12-campeao-arb\/#article\",\"isPartOf\":{\"@id\":\"https:\/\/ccrc.org.br\/novo\/2025\/12\/02\/sub-12-campeao-arb\/\"},\"author\":{\"name\":\"admin\",\"@id\":\"https:\/\/ccrc.org.br\/novo\/#\/schema\/person\/372910773046b636e9740af50fb5eb18\"},\"headline\":\"SUB 12 CAMPE\u00c3O ARB\",\"datePublished\":\"2025-12-02T11:46:03+00:00\",\"dateModified\":\"2025-12-02T11:46:08+00:00\",\"mainEntityOfPage\":{\"@id\":\"https:\/\/ccrc.org.br\/novo\/2025\/12\/02\/sub-12-campeao-arb\/\"},\"wordCount\":128,\"commentCount\":0,\"publisher\":{\"@id\":\"https:\/\/ccrc.org.br\/novo\/#organization\"},\"image\":{\"@id\":\"https:\/\/ccrc.org.br\/novo\/2025\/12\/02\/sub-12-campeao-arb\/#primaryimage\"},\"thumbnailUrl\":\"https:\/\/ccrc.org.br\/novo\/wp-content\/uploads\/2025\/12\/WhatsApp-Image-2025-12-01-at-16.53.36.jpeg\",\"articleSection\":[\"CBC\",\"Esportes\"],\"inLanguage\":\"pt-BR\",\"potentialAction\":[{\"@type\":\"CommentAction\",\"name\":\"Comment\",\"target\":[\"https:\/\/ccrc.org.br\/novo\/2025\/12\/02\/sub-12-campeao-arb\/#respond\"]}]},{\"@type\":\"WebPage\",\"@id\":\"https:\/\/ccrc.org.br\/novo\/2025\/12\/02\/sub-12-campeao-arb\/\",\"url\":\"https:\/\/ccrc.org.br\/novo\/2025\/12\/02\/sub-12-campeao-arb\/\",\"name\":\"SUB 12 CAMPE\u00c3O ARB - Clube de Campo de Rio Claro\",\"isPartOf\":{\"@id\":\"https:\/\/ccrc.org.br\/novo\/#website\"},\"primaryImageOfPage\":{\"@id\":\"https:\/\/ccrc.org.br\/novo\/2025\/12\/02\/sub-12-campeao-arb\/#primaryimage\"},\"image\":{\"@id\":\"https:\/\/ccrc.org.br\/novo\/2025\/12\/02\/sub-12-campeao-arb\/#primaryimage\"},\"thumbnailUrl\":\"https:\/\/ccrc.org.br\/novo\/wp-content\/uploads\/2025\/12\/WhatsApp-Image-2025-12-01-at-16.53.36.jpeg\",\"datePublished\":\"2025-12-02T11:46:03+00:00\",\"dateModified\":\"2025-12-02T11:46:08+00:00\",\"breadcrumb\":{\"@id\":\"https:\/\/ccrc.org.br\/novo\/2025\/12\/02\/sub-12-campeao-arb\/#breadcrumb\"},\"inLanguage\":\"pt-BR\",\"potentialAction\":[{\"@type\":\"ReadAction\",\"target\":[\"https:\/\/ccrc.org.br\/novo\/2025\/12\/02\/sub-12-campeao-arb\/\"]}]},{\"@type\":\"ImageObject\",\"inLanguage\":\"pt-BR\",\"@id\":\"https:\/\/ccrc.org.br\/novo\/2025\/12\/02\/sub-12-campeao-arb\/#primaryimage\",\"url\":\"https:\/\/ccrc.org.br\/novo\/wp-content\/uploads\/2025\/12\/WhatsApp-Image-2025-12-01-at-16.53.36.jpeg\",\"contentUrl\":\"https:\/\/ccrc.org.br\/novo\/wp-content\/uploads\/2025\/12\/WhatsApp-Image-2025-12-01-at-16.53.36.jpeg\",\"width\":1167,\"height\":974},{\"@type\":\"BreadcrumbList\",\"@id\":\"https:\/\/ccrc.org.br\/novo\/2025\/12\/02\/sub-12-campeao-arb\/#breadcrumb\",\"itemListElement\":[{\"@type\":\"ListItem\",\"position\":1,\"name\":\"In\u00edcio\",\"item\":\"https:\/\/ccrc.org.br\/novo\/\"},{\"@type\":\"ListItem\",\"position\":2,\"name\":\"SUB 12 CAMPE\u00c3O ARB\"}]},{\"@type\":\"WebSite\",\"@id\":\"https:\/\/ccrc.org.br\/novo\/#website\",\"url\":\"https:\/\/ccrc.org.br\/novo\/\",\"name\":\"Clube de Campo de Rio Claro\",\"description\":\"Clube de Campo de Rio Claro\",\"publisher\":{\"@id\":\"https:\/\/ccrc.org.br\/novo\/#organization\"},\"potentialAction\":[{\"@type\":\"SearchAction\",\"target\":{\"@type\":\"EntryPoint\",\"urlTemplate\":\"https:\/\/ccrc.org.br\/novo\/?s={search_term_string}\"},\"query-input\":{\"@type\":\"PropertyValueSpecification\",\"valueRequired\":true,\"valueName\":\"search_term_string\"}}],\"inLanguage\":\"pt-BR\"},{\"@type\":\"Organization\",\"@id\":\"https:\/\/ccrc.org.br\/novo\/#organization\",\"name\":\"Clube de Campo de Rio Claro\",\"url\":\"https:\/\/ccrc.org.br\/novo\/\",\"logo\":{\"@type\":\"ImageObject\",\"inLanguage\":\"pt-BR\",\"@id\":\"https:\/\/ccrc.org.br\/novo\/#\/schema\/logo\/image\/\",\"url\":\"https:\/\/ccrc.org.br\/novo\/wp-content\/uploads\/2024\/07\/CCRC-Logotipo-e1724350576690.png\",\"contentUrl\":\"https:\/\/ccrc.org.br\/novo\/wp-content\/uploads\/2024\/07\/CCRC-Logotipo-e1724350576690.png\",\"width\":512,\"height\":629,\"caption\":\"Clube de Campo de Rio Claro\"},\"image\":{\"@id\":\"https:\/\/ccrc.org.br\/novo\/#\/schema\/logo\/image\/\"}},{\"@type\":\"Person\",\"@id\":\"https:\/\/ccrc.org.br\/novo\/#\/schema\/person\/372910773046b636e9740af50fb5eb18\",\"name\":\"admin\",\"image\":{\"@type\":\"ImageObject\",\"inLanguage\":\"pt-BR\",\"@id\":\"https:\/\/ccrc.org.br\/novo\/#\/schema\/person\/image\/\",\"url\":\"https:\/\/secure.gravatar.com\/avatar\/718c24d324ad2c2388b8cc064a2f6c8377287102aecc257a563f468780849400?s=96&d=mm&r=g\",\"contentUrl\":\"https:\/\/secure.gravatar.com\/avatar\/718c24d324ad2c2388b8cc064a2f6c8377287102aecc257a563f468780849400?s=96&d=mm&r=g\",\"caption\":\"admin\"},\"sameAs\":[\"https:\/\/ccrc.org.br\/novo\"],\"url\":\"https:\/\/ccrc.org.br\/novo\/author\/admin\/\"}]}<\/script>\n<!-- \/ Yoast SEO plugin. -->","yoast_head_json":{"title":"SUB 12 CAMPE\u00c3O ARB - Clube de Campo de Rio Claro","robots":{"index":"index","follow":"follow","max-snippet":"max-snippet:-1","max-image-preview":"max-image-preview:large","max-video-preview":"max-video-preview:-1"},"canonical":"https:\/\/ccrc.org.br\/novo\/2025\/12\/02\/sub-12-campeao-arb\/","og_locale":"pt_BR","og_type":"article","og_title":"SUB 12 CAMPE\u00c3O ARB - Clube de Campo de Rio Claro","og_description":"Uma trajet\u00f3ria de sucesso!Com muita dedica\u00e7\u00e3o e trabalho em equipe, nossa categoria Sub 12 viveu um ano inesquec\u00edvel. Como destaca o T\u00e9cnico Guilherme Banchi:\u201cOs trabalhos com o Sub 12 come\u00e7aram em fevereiro de 2025. Alguns atletas j\u00e1 estavam na categoria desde os 10 anos, o que ajudou muito pelo ac\u00famulo de experi\u00eancia em jogos e [&hellip;]","og_url":"https:\/\/ccrc.org.br\/novo\/2025\/12\/02\/sub-12-campeao-arb\/","og_site_name":"Clube de Campo de Rio Claro","article_published_time":"2025-12-02T11:46:03+00:00","article_modified_time":"2025-12-02T11:46:08+00:00","og_image":[{"width":1167,"height":974,"url":"https:\/\/ccrc.org.br\/novo\/wp-content\/uploads\/2025\/12\/WhatsApp-Image-2025-12-01-at-16.53.36.jpeg","type":"image\/jpeg"}],"author":"admin","twitter_card":"summary_large_image","twitter_misc":{"Escrito por":"admin","Est. tempo de leitura":"1 minuto"},"schema":{"@context":"https:\/\/schema.org","@graph":[{"@type":"Article","@id":"https:\/\/ccrc.org.br\/novo\/2025\/12\/02\/sub-12-campeao-arb\/#article","isPartOf":{"@id":"https:\/\/ccrc.org.br\/novo\/2025\/12\/02\/sub-12-campeao-arb\/"},"author":{"name":"admin","@id":"https:\/\/ccrc.org.br\/novo\/#\/schema\/person\/372910773046b636e9740af50fb5eb18"},"headline":"SUB 12 CAMPE\u00c3O ARB","datePublished":"2025-12-02T11:46:03+00:00","dateModified":"2025-12-02T11:46:08+00:00","mainEntityOfPage":{"@id":"https:\/\/ccrc.org.br\/novo\/2025\/12\/02\/sub-12-campeao-arb\/"},"wordCount":128,"commentCount":0,"publisher":{"@id":"https:\/\/ccrc.org.br\/novo\/#organization"},"image":{"@id":"https:\/\/ccrc.org.br\/novo\/2025\/12\/02\/sub-12-campeao-arb\/#primaryimage"},"thumbnailUrl":"https:\/\/ccrc.org.br\/novo\/wp-content\/uploads\/2025\/12\/WhatsApp-Image-2025-12-01-at-16.53.36.jpeg","articleSection":["CBC","Esportes"],"inLanguage":"pt-BR","potentialAction":[{"@type":"CommentAction","name":"Comment","target":["https:\/\/ccrc.org.br\/novo\/2025\/12\/02\/sub-12-campeao-arb\/#respond"]}]},{"@type":"WebPage","@id":"https:\/\/ccrc.org.br\/novo\/2025\/12\/02\/sub-12-campeao-arb\/","url":"https:\/\/ccrc.org.br\/novo\/2025\/12\/02\/sub-12-campeao-arb\/","name":"SUB 12 CAMPE\u00c3O ARB - Clube de Campo de Rio Claro","isPartOf":{"@id":"https:\/\/ccrc.org.br\/novo\/#website"},"primaryImageOfPage":{"@id":"https:\/\/ccrc.org.br\/novo\/2025\/12\/02\/sub-12-campeao-arb\/#primaryimage"},"image":{"@id":"https:\/\/ccrc.org.br\/novo\/2025\/12\/02\/sub-12-campeao-arb\/#primaryimage"},"thumbnailUrl":"https:\/\/ccrc.org.br\/novo\/wp-content\/uploads\/2025\/12\/WhatsApp-Image-2025-12-01-at-16.53.36.jpeg","datePublished":"2025-12-02T11:46:03+00:00","dateModified":"2025-12-02T11:46:08+00:00","breadcrumb":{"@id":"https:\/\/ccrc.org.br\/novo\/2025\/12\/02\/sub-12-campeao-arb\/#breadcrumb"},"inLanguage":"pt-BR","potentialAction":[{"@type":"ReadAction","target":["https:\/\/ccrc.org.br\/novo\/2025\/12\/02\/sub-12-campeao-arb\/"]}]},{"@type":"ImageObject","inLanguage":"pt-BR","@id":"https:\/\/ccrc.org.br\/novo\/2025\/12\/02\/sub-12-campeao-arb\/#primaryimage","url":"https:\/\/ccrc.org.br\/novo\/wp-content\/uploads\/2025\/12\/WhatsApp-Image-2025-12-01-at-16.53.36.jpeg","contentUrl":"https:\/\/ccrc.org.br\/novo\/wp-content\/uploads\/2025\/12\/WhatsApp-Image-2025-12-01-at-16.53.36.jpeg","width":1167,"height":974},{"@type":"BreadcrumbList","@id":"https:\/\/ccrc.org.br\/novo\/2025\/12\/02\/sub-12-campeao-arb\/#breadcrumb","itemListElement":[{"@type":"ListItem","position":1,"name":"In\u00edcio","item":"https:\/\/ccrc.org.br\/novo\/"},{"@type":"ListItem","position":2,"name":"SUB 12 CAMPE\u00c3O ARB"}]},{"@type":"WebSite","@id":"https:\/\/ccrc.org.br\/novo\/#website","url":"https:\/\/ccrc.org.br\/novo\/","name":"Clube de Campo de Rio Claro","description":"Clube de Campo de Rio Claro","publisher":{"@id":"https:\/\/ccrc.org.br\/novo\/#organization"},"potentialAction":[{"@type":"SearchAction","target":{"@type":"EntryPoint","urlTemplate":"https:\/\/ccrc.org.br\/novo\/?s={search_term_string}"},"query-input":{"@type":"PropertyValueSpecification","valueRequired":true,"valueName":"search_term_string"}}],"inLanguage":"pt-BR"},{"@type":"Organization","@id":"https:\/\/ccrc.org.br\/novo\/#organization","name":"Clube de Campo de Rio Claro","url":"https:\/\/ccrc.org.br\/novo\/","logo":{"@type":"ImageObject","inLanguage":"pt-BR","@id":"https:\/\/ccrc.org.br\/novo\/#\/schema\/logo\/image\/","url":"https:\/\/ccrc.org.br\/novo\/wp-content\/uploads\/2024\/07\/CCRC-Logotipo-e1724350576690.png","contentUrl":"https:\/\/ccrc.org.br\/novo\/wp-content\/uploads\/2024\/07\/CCRC-Logotipo-e1724350576690.png","width":512,"height":629,"caption":"Clube de Campo de Rio Claro"},"image":{"@id":"https:\/\/ccrc.org.br\/novo\/#\/schema\/logo\/image\/"}},{"@type":"Person","@id":"https:\/\/ccrc.org.br\/novo\/#\/schema\/person\/372910773046b636e9740af50fb5eb18","name":"admin","image":{"@type":"ImageObject","inLanguage":"pt-BR","@id":"https:\/\/ccrc.org.br\/novo\/#\/schema\/person\/image\/","url":"https:\/\/secure.gravatar.com\/avatar\/718c24d324ad2c2388b8cc064a2f6c8377287102aecc257a563f468780849400?s=96&d=mm&r=g","contentUrl":"https:\/\/secure.gravatar.com\/avatar\/718c24d324ad2c2388b8cc064a2f6c8377287102aecc257a563f468780849400?s=96&d=mm&r=g","caption":"admin"},"sameAs":["https:\/\/ccrc.org.br\/novo"],"url":"https:\/\/ccrc.org.br\/novo\/author\/admin\/"}]}},"_links":{"self":[{"href":"https:\/\/ccrc.org.br\/novo\/wp-json\/wp\/v2\/posts\/5830","targetHints":{"allow":["GET"]}}],"collection":[{"href":"https:\/\/ccrc.org.br\/novo\/wp-json\/wp\/v2\/posts"}],"about":[{"href":"https:\/\/ccrc.org.br\/novo\/wp-json\/wp\/v2\/types\/post"}],"author":[{"embeddable":true,"href":"https:\/\/ccrc.org.br\/novo\/wp-json\/wp\/v2\/users\/1"}],"replies":[{"embeddable":true,"href":"https:\/\/ccrc.org.br\/novo\/wp-json\/wp\/v2\/comments?post=5830"}],"version-history":[{"count":1,"href":"https:\/\/ccrc.org.br\/novo\/wp-json\/wp\/v2\/posts\/5830\/revisions"}],"predecessor-version":[{"id":5832,"href":"https:\/\/ccrc.org.br\/novo\/wp-json\/wp\/v2\/posts\/5830\/revisions\/5832"}],"wp:featuredmedia":[{"embeddable":true,"href":"https:\/\/ccrc.org.br\/novo\/wp-json\/wp\/v2\/media\/5831"}],"wp:attachment":[{"href":"https:\/\/ccrc.org.br\/novo\/wp-json\/wp\/v2\/media?parent=5830"}],"wp:term":[{"taxonomy":"category","embeddable":true,"href":"https:\/\/ccrc.org.br\/novo\/wp-json\/wp\/v2\/categories?post=5830"},{"taxonomy":"post_tag","embeddable":true,"href":"https:\/\/ccrc.org.br\/novo\/wp-json\/wp\/v2\/tags?post=5830"}],"curies":[{"name":"wp","href":"https:\/\/api.w.org\/{rel}","templated":true}]}}