{"id":5846,"date":"2025-12-10T11:20:43","date_gmt":"2025-12-10T14:20:43","guid":{"rendered":"https:\/\/ccrc.org.br\/novo\/?p=5846"},"modified":"2025-12-10T11:20:49","modified_gmt":"2025-12-10T14:20:49","slug":"etapa-regional-mirim-natacao-ccrc","status":"publish","type":"post","link":"https:\/\/ccrc.org.br\/novo\/2025\/12\/10\/etapa-regional-mirim-natacao-ccrc\/","title":{"rendered":"Etapa Regional Mirim &#8211; Nata\u00e7\u00e3o CCRC"},"content":{"rendered":"\n<p>A etapa Regional Mirim, realizada neste \u00faltimo s\u00e1bado, 06\/12\/2025, marcou o encerramento das competi\u00e7\u00f5es da Federa\u00e7\u00e3o Aqu\u00e1tica Paulista (FAP) em 2025!<\/p>\n\n\n\n<p>Sete atletas do CCRC deram o seu melhor e finalizaram a competi\u00e7\u00e3o com:<br>\ud83e\udd47 1 ouro<br>\ud83e\udd48 1 prata<br>\ud83e\udd49 1 bronze<br>Al\u00e9m disso, conquistaram cinco coloca\u00e7\u00f5es entre o 4\u00ba e o 8\u00ba lugares, com todos melhorando suas marcas pessoais nas duas provas que nadaram!<\/p>\n\n\n\n<p>Davi G\u00f3es garantiu o 4\u00ba lugar no ranking geral do Mirim 2 de 2025, ficando apenas 1 ponto atr\u00e1s do 3\u00ba colocado!<\/p>\n\n\n\n<p>Parab\u00e9ns aos atletas e \u00e0 comiss\u00e3o t\u00e9cnica!<\/p>\n\n\n\n<p>2026 promete muito mais!<br>Nos vemos nas piscinas!<\/p>\n\n\n\n<p><\/p>\n","protected":false},"excerpt":{"rendered":"<p>A etapa Regional Mirim, realizada neste \u00faltimo s\u00e1bado, 06\/12\/2025, marcou o encerramento das competi\u00e7\u00f5es da Federa\u00e7\u00e3o Aqu\u00e1tica Paulista (FAP) em 2025! Sete atletas do CCRC deram o seu melhor e finalizaram a competi\u00e7\u00e3o com:\ud83e\udd47 1 ouro\ud83e\udd48 1 prata\ud83e\udd49 1 bronzeAl\u00e9m disso, conquistaram cinco coloca\u00e7\u00f5es entre o 4\u00ba e o 8\u00ba lugares, com todos melhorando suas [&hellip;]<\/p>\n","protected":false},"author":1,"featured_media":5845,"comment_status":"open","ping_status":"open","sticky":false,"template":"","format":"standard","meta":{"_acf_changed":false,"footnotes":""},"categories":[39,38],"tags":[],"class_list":["post-5846","post","type-post","status-publish","format-standard","has-post-thumbnail","hentry","category-cbc","category-esportes"],"acf":[],"yoast_head":"<!-- This site is optimized with the Yoast SEO plugin v26.9 - https:\/\/yoast.com\/product\/yoast-seo-wordpress\/ -->\n<title>Etapa Regional Mirim - Nata\u00e7\u00e3o CCRC - Clube de Campo de Rio Claro<\/title>\n<meta name=\"robots\" content=\"index, follow, max-snippet:-1, max-image-preview:large, max-video-preview:-1\" \/>\n<link rel=\"canonical\" href=\"https:\/\/ccrc.org.br\/novo\/2025\/12\/10\/etapa-regional-mirim-natacao-ccrc\/\" \/>\n<meta property=\"og:locale\" content=\"pt_BR\" \/>\n<meta property=\"og:type\" content=\"article\" \/>\n<meta property=\"og:title\" content=\"Etapa Regional Mirim - Nata\u00e7\u00e3o CCRC - Clube de Campo de Rio Claro\" \/>\n<meta property=\"og:description\" content=\"A etapa Regional Mirim, realizada neste \u00faltimo s\u00e1bado, 06\/12\/2025, marcou o encerramento das competi\u00e7\u00f5es da Federa\u00e7\u00e3o Aqu\u00e1tica Paulista (FAP) em 2025! Sete atletas do CCRC deram o seu melhor e finalizaram a competi\u00e7\u00e3o com:\ud83e\udd47 1 ouro\ud83e\udd48 1 prata\ud83e\udd49 1 bronzeAl\u00e9m disso, conquistaram cinco coloca\u00e7\u00f5es entre o 4\u00ba e o 8\u00ba lugares, com todos melhorando suas [&hellip;]\" \/>\n<meta property=\"og:url\" content=\"https:\/\/ccrc.org.br\/novo\/2025\/12\/10\/etapa-regional-mirim-natacao-ccrc\/\" \/>\n<meta property=\"og:site_name\" content=\"Clube de Campo de Rio Claro\" \/>\n<meta property=\"article:published_time\" content=\"2025-12-10T14:20:43+00:00\" \/>\n<meta property=\"article:modified_time\" content=\"2025-12-10T14:20:49+00:00\" \/>\n<meta property=\"og:image\" content=\"https:\/\/ccrc.org.br\/novo\/wp-content\/uploads\/2025\/12\/WhatsApp-Image-2025-12-10-at-10.50.35-1.jpeg\" \/>\n\t<meta property=\"og:image:width\" content=\"1528\" \/>\n\t<meta property=\"og:image:height\" content=\"1200\" \/>\n\t<meta property=\"og:image:type\" content=\"image\/jpeg\" \/>\n<meta name=\"author\" content=\"admin\" \/>\n<meta name=\"twitter:card\" content=\"summary_large_image\" \/>\n<meta name=\"twitter:label1\" content=\"Escrito por\" \/>\n\t<meta name=\"twitter:data1\" content=\"admin\" \/>\n\t<meta name=\"twitter:label2\" content=\"Est. tempo de leitura\" \/>\n\t<meta name=\"twitter:data2\" content=\"1 minuto\" \/>\n<script type=\"application\/ld+json\" class=\"yoast-schema-graph\">{\"@context\":\"https:\/\/schema.org\",\"@graph\":[{\"@type\":\"Article\",\"@id\":\"https:\/\/ccrc.org.br\/novo\/2025\/12\/10\/etapa-regional-mirim-natacao-ccrc\/#article\",\"isPartOf\":{\"@id\":\"https:\/\/ccrc.org.br\/novo\/2025\/12\/10\/etapa-regional-mirim-natacao-ccrc\/\"},\"author\":{\"name\":\"admin\",\"@id\":\"https:\/\/ccrc.org.br\/novo\/#\/schema\/person\/372910773046b636e9740af50fb5eb18\"},\"headline\":\"Etapa Regional Mirim &#8211; Nata\u00e7\u00e3o CCRC\",\"datePublished\":\"2025-12-10T14:20:43+00:00\",\"dateModified\":\"2025-12-10T14:20:49+00:00\",\"mainEntityOfPage\":{\"@id\":\"https:\/\/ccrc.org.br\/novo\/2025\/12\/10\/etapa-regional-mirim-natacao-ccrc\/\"},\"wordCount\":104,\"commentCount\":0,\"publisher\":{\"@id\":\"https:\/\/ccrc.org.br\/novo\/#organization\"},\"image\":{\"@id\":\"https:\/\/ccrc.org.br\/novo\/2025\/12\/10\/etapa-regional-mirim-natacao-ccrc\/#primaryimage\"},\"thumbnailUrl\":\"https:\/\/ccrc.org.br\/novo\/wp-content\/uploads\/2025\/12\/WhatsApp-Image-2025-12-10-at-10.50.35-1.jpeg\",\"articleSection\":[\"CBC\",\"Esportes\"],\"inLanguage\":\"pt-BR\",\"potentialAction\":[{\"@type\":\"CommentAction\",\"name\":\"Comment\",\"target\":[\"https:\/\/ccrc.org.br\/novo\/2025\/12\/10\/etapa-regional-mirim-natacao-ccrc\/#respond\"]}]},{\"@type\":\"WebPage\",\"@id\":\"https:\/\/ccrc.org.br\/novo\/2025\/12\/10\/etapa-regional-mirim-natacao-ccrc\/\",\"url\":\"https:\/\/ccrc.org.br\/novo\/2025\/12\/10\/etapa-regional-mirim-natacao-ccrc\/\",\"name\":\"Etapa Regional Mirim - Nata\u00e7\u00e3o CCRC - Clube de Campo de Rio Claro\",\"isPartOf\":{\"@id\":\"https:\/\/ccrc.org.br\/novo\/#website\"},\"primaryImageOfPage\":{\"@id\":\"https:\/\/ccrc.org.br\/novo\/2025\/12\/10\/etapa-regional-mirim-natacao-ccrc\/#primaryimage\"},\"image\":{\"@id\":\"https:\/\/ccrc.org.br\/novo\/2025\/12\/10\/etapa-regional-mirim-natacao-ccrc\/#primaryimage\"},\"thumbnailUrl\":\"https:\/\/ccrc.org.br\/novo\/wp-content\/uploads\/2025\/12\/WhatsApp-Image-2025-12-10-at-10.50.35-1.jpeg\",\"datePublished\":\"2025-12-10T14:20:43+00:00\",\"dateModified\":\"2025-12-10T14:20:49+00:00\",\"breadcrumb\":{\"@id\":\"https:\/\/ccrc.org.br\/novo\/2025\/12\/10\/etapa-regional-mirim-natacao-ccrc\/#breadcrumb\"},\"inLanguage\":\"pt-BR\",\"potentialAction\":[{\"@type\":\"ReadAction\",\"target\":[\"https:\/\/ccrc.org.br\/novo\/2025\/12\/10\/etapa-regional-mirim-natacao-ccrc\/\"]}]},{\"@type\":\"ImageObject\",\"inLanguage\":\"pt-BR\",\"@id\":\"https:\/\/ccrc.org.br\/novo\/2025\/12\/10\/etapa-regional-mirim-natacao-ccrc\/#primaryimage\",\"url\":\"https:\/\/ccrc.org.br\/novo\/wp-content\/uploads\/2025\/12\/WhatsApp-Image-2025-12-10-at-10.50.35-1.jpeg\",\"contentUrl\":\"https:\/\/ccrc.org.br\/novo\/wp-content\/uploads\/2025\/12\/WhatsApp-Image-2025-12-10-at-10.50.35-1.jpeg\",\"width\":1528,\"height\":1200},{\"@type\":\"BreadcrumbList\",\"@id\":\"https:\/\/ccrc.org.br\/novo\/2025\/12\/10\/etapa-regional-mirim-natacao-ccrc\/#breadcrumb\",\"itemListElement\":[{\"@type\":\"ListItem\",\"position\":1,\"name\":\"In\u00edcio\",\"item\":\"https:\/\/ccrc.org.br\/novo\/\"},{\"@type\":\"ListItem\",\"position\":2,\"name\":\"Etapa Regional Mirim &#8211; Nata\u00e7\u00e3o CCRC\"}]},{\"@type\":\"WebSite\",\"@id\":\"https:\/\/ccrc.org.br\/novo\/#website\",\"url\":\"https:\/\/ccrc.org.br\/novo\/\",\"name\":\"Clube de Campo de Rio Claro\",\"description\":\"Clube de Campo de Rio Claro\",\"publisher\":{\"@id\":\"https:\/\/ccrc.org.br\/novo\/#organization\"},\"potentialAction\":[{\"@type\":\"SearchAction\",\"target\":{\"@type\":\"EntryPoint\",\"urlTemplate\":\"https:\/\/ccrc.org.br\/novo\/?s={search_term_string}\"},\"query-input\":{\"@type\":\"PropertyValueSpecification\",\"valueRequired\":true,\"valueName\":\"search_term_string\"}}],\"inLanguage\":\"pt-BR\"},{\"@type\":\"Organization\",\"@id\":\"https:\/\/ccrc.org.br\/novo\/#organization\",\"name\":\"Clube de Campo de Rio Claro\",\"url\":\"https:\/\/ccrc.org.br\/novo\/\",\"logo\":{\"@type\":\"ImageObject\",\"inLanguage\":\"pt-BR\",\"@id\":\"https:\/\/ccrc.org.br\/novo\/#\/schema\/logo\/image\/\",\"url\":\"https:\/\/ccrc.org.br\/novo\/wp-content\/uploads\/2024\/07\/CCRC-Logotipo-e1724350576690.png\",\"contentUrl\":\"https:\/\/ccrc.org.br\/novo\/wp-content\/uploads\/2024\/07\/CCRC-Logotipo-e1724350576690.png\",\"width\":512,\"height\":629,\"caption\":\"Clube de Campo de Rio Claro\"},\"image\":{\"@id\":\"https:\/\/ccrc.org.br\/novo\/#\/schema\/logo\/image\/\"}},{\"@type\":\"Person\",\"@id\":\"https:\/\/ccrc.org.br\/novo\/#\/schema\/person\/372910773046b636e9740af50fb5eb18\",\"name\":\"admin\",\"image\":{\"@type\":\"ImageObject\",\"inLanguage\":\"pt-BR\",\"@id\":\"https:\/\/ccrc.org.br\/novo\/#\/schema\/person\/image\/\",\"url\":\"https:\/\/secure.gravatar.com\/avatar\/718c24d324ad2c2388b8cc064a2f6c8377287102aecc257a563f468780849400?s=96&d=mm&r=g\",\"contentUrl\":\"https:\/\/secure.gravatar.com\/avatar\/718c24d324ad2c2388b8cc064a2f6c8377287102aecc257a563f468780849400?s=96&d=mm&r=g\",\"caption\":\"admin\"},\"sameAs\":[\"https:\/\/ccrc.org.br\/novo\"],\"url\":\"https:\/\/ccrc.org.br\/novo\/author\/admin\/\"}]}<\/script>\n<!-- \/ Yoast SEO plugin. -->","yoast_head_json":{"title":"Etapa Regional Mirim - Nata\u00e7\u00e3o CCRC - Clube de Campo de Rio Claro","robots":{"index":"index","follow":"follow","max-snippet":"max-snippet:-1","max-image-preview":"max-image-preview:large","max-video-preview":"max-video-preview:-1"},"canonical":"https:\/\/ccrc.org.br\/novo\/2025\/12\/10\/etapa-regional-mirim-natacao-ccrc\/","og_locale":"pt_BR","og_type":"article","og_title":"Etapa Regional Mirim - Nata\u00e7\u00e3o CCRC - Clube de Campo de Rio Claro","og_description":"A etapa Regional Mirim, realizada neste \u00faltimo s\u00e1bado, 06\/12\/2025, marcou o encerramento das competi\u00e7\u00f5es da Federa\u00e7\u00e3o Aqu\u00e1tica Paulista (FAP) em 2025! Sete atletas do CCRC deram o seu melhor e finalizaram a competi\u00e7\u00e3o com:\ud83e\udd47 1 ouro\ud83e\udd48 1 prata\ud83e\udd49 1 bronzeAl\u00e9m disso, conquistaram cinco coloca\u00e7\u00f5es entre o 4\u00ba e o 8\u00ba lugares, com todos melhorando suas [&hellip;]","og_url":"https:\/\/ccrc.org.br\/novo\/2025\/12\/10\/etapa-regional-mirim-natacao-ccrc\/","og_site_name":"Clube de Campo de Rio Claro","article_published_time":"2025-12-10T14:20:43+00:00","article_modified_time":"2025-12-10T14:20:49+00:00","og_image":[{"width":1528,"height":1200,"url":"https:\/\/ccrc.org.br\/novo\/wp-content\/uploads\/2025\/12\/WhatsApp-Image-2025-12-10-at-10.50.35-1.jpeg","type":"image\/jpeg"}],"author":"admin","twitter_card":"summary_large_image","twitter_misc":{"Escrito por":"admin","Est. tempo de leitura":"1 minuto"},"schema":{"@context":"https:\/\/schema.org","@graph":[{"@type":"Article","@id":"https:\/\/ccrc.org.br\/novo\/2025\/12\/10\/etapa-regional-mirim-natacao-ccrc\/#article","isPartOf":{"@id":"https:\/\/ccrc.org.br\/novo\/2025\/12\/10\/etapa-regional-mirim-natacao-ccrc\/"},"author":{"name":"admin","@id":"https:\/\/ccrc.org.br\/novo\/#\/schema\/person\/372910773046b636e9740af50fb5eb18"},"headline":"Etapa Regional Mirim &#8211; Nata\u00e7\u00e3o CCRC","datePublished":"2025-12-10T14:20:43+00:00","dateModified":"2025-12-10T14:20:49+00:00","mainEntityOfPage":{"@id":"https:\/\/ccrc.org.br\/novo\/2025\/12\/10\/etapa-regional-mirim-natacao-ccrc\/"},"wordCount":104,"commentCount":0,"publisher":{"@id":"https:\/\/ccrc.org.br\/novo\/#organization"},"image":{"@id":"https:\/\/ccrc.org.br\/novo\/2025\/12\/10\/etapa-regional-mirim-natacao-ccrc\/#primaryimage"},"thumbnailUrl":"https:\/\/ccrc.org.br\/novo\/wp-content\/uploads\/2025\/12\/WhatsApp-Image-2025-12-10-at-10.50.35-1.jpeg","articleSection":["CBC","Esportes"],"inLanguage":"pt-BR","potentialAction":[{"@type":"CommentAction","name":"Comment","target":["https:\/\/ccrc.org.br\/novo\/2025\/12\/10\/etapa-regional-mirim-natacao-ccrc\/#respond"]}]},{"@type":"WebPage","@id":"https:\/\/ccrc.org.br\/novo\/2025\/12\/10\/etapa-regional-mirim-natacao-ccrc\/","url":"https:\/\/ccrc.org.br\/novo\/2025\/12\/10\/etapa-regional-mirim-natacao-ccrc\/","name":"Etapa Regional Mirim - Nata\u00e7\u00e3o CCRC - Clube de Campo de Rio Claro","isPartOf":{"@id":"https:\/\/ccrc.org.br\/novo\/#website"},"primaryImageOfPage":{"@id":"https:\/\/ccrc.org.br\/novo\/2025\/12\/10\/etapa-regional-mirim-natacao-ccrc\/#primaryimage"},"image":{"@id":"https:\/\/ccrc.org.br\/novo\/2025\/12\/10\/etapa-regional-mirim-natacao-ccrc\/#primaryimage"},"thumbnailUrl":"https:\/\/ccrc.org.br\/novo\/wp-content\/uploads\/2025\/12\/WhatsApp-Image-2025-12-10-at-10.50.35-1.jpeg","datePublished":"2025-12-10T14:20:43+00:00","dateModified":"2025-12-10T14:20:49+00:00","breadcrumb":{"@id":"https:\/\/ccrc.org.br\/novo\/2025\/12\/10\/etapa-regional-mirim-natacao-ccrc\/#breadcrumb"},"inLanguage":"pt-BR","potentialAction":[{"@type":"ReadAction","target":["https:\/\/ccrc.org.br\/novo\/2025\/12\/10\/etapa-regional-mirim-natacao-ccrc\/"]}]},{"@type":"ImageObject","inLanguage":"pt-BR","@id":"https:\/\/ccrc.org.br\/novo\/2025\/12\/10\/etapa-regional-mirim-natacao-ccrc\/#primaryimage","url":"https:\/\/ccrc.org.br\/novo\/wp-content\/uploads\/2025\/12\/WhatsApp-Image-2025-12-10-at-10.50.35-1.jpeg","contentUrl":"https:\/\/ccrc.org.br\/novo\/wp-content\/uploads\/2025\/12\/WhatsApp-Image-2025-12-10-at-10.50.35-1.jpeg","width":1528,"height":1200},{"@type":"BreadcrumbList","@id":"https:\/\/ccrc.org.br\/novo\/2025\/12\/10\/etapa-regional-mirim-natacao-ccrc\/#breadcrumb","itemListElement":[{"@type":"ListItem","position":1,"name":"In\u00edcio","item":"https:\/\/ccrc.org.br\/novo\/"},{"@type":"ListItem","position":2,"name":"Etapa Regional Mirim &#8211; Nata\u00e7\u00e3o CCRC"}]},{"@type":"WebSite","@id":"https:\/\/ccrc.org.br\/novo\/#website","url":"https:\/\/ccrc.org.br\/novo\/","name":"Clube de Campo de Rio Claro","description":"Clube de Campo de Rio Claro","publisher":{"@id":"https:\/\/ccrc.org.br\/novo\/#organization"},"potentialAction":[{"@type":"SearchAction","target":{"@type":"EntryPoint","urlTemplate":"https:\/\/ccrc.org.br\/novo\/?s={search_term_string}"},"query-input":{"@type":"PropertyValueSpecification","valueRequired":true,"valueName":"search_term_string"}}],"inLanguage":"pt-BR"},{"@type":"Organization","@id":"https:\/\/ccrc.org.br\/novo\/#organization","name":"Clube de Campo de Rio Claro","url":"https:\/\/ccrc.org.br\/novo\/","logo":{"@type":"ImageObject","inLanguage":"pt-BR","@id":"https:\/\/ccrc.org.br\/novo\/#\/schema\/logo\/image\/","url":"https:\/\/ccrc.org.br\/novo\/wp-content\/uploads\/2024\/07\/CCRC-Logotipo-e1724350576690.png","contentUrl":"https:\/\/ccrc.org.br\/novo\/wp-content\/uploads\/2024\/07\/CCRC-Logotipo-e1724350576690.png","width":512,"height":629,"caption":"Clube de Campo de Rio Claro"},"image":{"@id":"https:\/\/ccrc.org.br\/novo\/#\/schema\/logo\/image\/"}},{"@type":"Person","@id":"https:\/\/ccrc.org.br\/novo\/#\/schema\/person\/372910773046b636e9740af50fb5eb18","name":"admin","image":{"@type":"ImageObject","inLanguage":"pt-BR","@id":"https:\/\/ccrc.org.br\/novo\/#\/schema\/person\/image\/","url":"https:\/\/secure.gravatar.com\/avatar\/718c24d324ad2c2388b8cc064a2f6c8377287102aecc257a563f468780849400?s=96&d=mm&r=g","contentUrl":"https:\/\/secure.gravatar.com\/avatar\/718c24d324ad2c2388b8cc064a2f6c8377287102aecc257a563f468780849400?s=96&d=mm&r=g","caption":"admin"},"sameAs":["https:\/\/ccrc.org.br\/novo"],"url":"https:\/\/ccrc.org.br\/novo\/author\/admin\/"}]}},"_links":{"self":[{"href":"https:\/\/ccrc.org.br\/novo\/wp-json\/wp\/v2\/posts\/5846","targetHints":{"allow":["GET"]}}],"collection":[{"href":"https:\/\/ccrc.org.br\/novo\/wp-json\/wp\/v2\/posts"}],"about":[{"href":"https:\/\/ccrc.org.br\/novo\/wp-json\/wp\/v2\/types\/post"}],"author":[{"embeddable":true,"href":"https:\/\/ccrc.org.br\/novo\/wp-json\/wp\/v2\/users\/1"}],"replies":[{"embeddable":true,"href":"https:\/\/ccrc.org.br\/novo\/wp-json\/wp\/v2\/comments?post=5846"}],"version-history":[{"count":1,"href":"https:\/\/ccrc.org.br\/novo\/wp-json\/wp\/v2\/posts\/5846\/revisions"}],"predecessor-version":[{"id":5847,"href":"https:\/\/ccrc.org.br\/novo\/wp-json\/wp\/v2\/posts\/5846\/revisions\/5847"}],"wp:featuredmedia":[{"embeddable":true,"href":"https:\/\/ccrc.org.br\/novo\/wp-json\/wp\/v2\/media\/5845"}],"wp:attachment":[{"href":"https:\/\/ccrc.org.br\/novo\/wp-json\/wp\/v2\/media?parent=5846"}],"wp:term":[{"taxonomy":"category","embeddable":true,"href":"https:\/\/ccrc.org.br\/novo\/wp-json\/wp\/v2\/categories?post=5846"},{"taxonomy":"post_tag","embeddable":true,"href":"https:\/\/ccrc.org.br\/novo\/wp-json\/wp\/v2\/tags?post=5846"}],"curies":[{"name":"wp","href":"https:\/\/api.w.org\/{rel}","templated":true}]}}